{"id":76133,"date":"2023-05-10T16:55:37","date_gmt":"2023-05-10T19:55:37","guid":{"rendered":"https:\/\/portalmovil.com.ar\/?p=76133"},"modified":"2023-05-10T16:55:40","modified_gmt":"2023-05-10T19:55:40","slug":"confirmaron-el-procesamiento-del-exconjuez-aranda-acusado-de-proteger-narcotraficantes","status":"publish","type":"post","link":"https:\/\/portalmovil.com.ar\/index.php\/2023\/05\/10\/confirmaron-el-procesamiento-del-exconjuez-aranda-acusado-de-proteger-narcotraficantes\/","title":{"rendered":"Confirmaron el procesamiento del exconjuez Aranda, acusado de proteger narcotraficantes"},"content":{"rendered":"\n<p>La C\u00e1mara Federal de Apelaciones de Resistencia confirm\u00f3 este mi\u00e9rcoles el procesamiento sin prisi\u00f3n preventiva del exconjuez de S\u00e1enz Pe\u00f1a, Miguel Aranda, y los gendarmes Alberto Far\u00edas y Enzo Aguirre quienes est\u00e1n acusados de formar parte de una asociaci\u00f3n il\u00edcita que brindaba protecci\u00f3n y filtraba informaci\u00f3n a bandas de narcotraficantes. Tambi\u00e9n se confirm\u00f3 el procesamiento de la cu\u00f1ada y el concu\u00f1ado del exconjuez, pero por el delito de tr\u00e1fico de influencias.<\/p>\n\n\n\n<p>\u201cValorados&nbsp;de&nbsp;tal&nbsp;modo&nbsp;los&nbsp;antecedentes&nbsp;de&nbsp;autos,&nbsp;en&nbsp;el&nbsp;entendimiento&nbsp;de&nbsp;que nos&nbsp;encontramos&nbsp;en&nbsp;una&nbsp;etapa&nbsp;intermedia&nbsp;del&nbsp;proceso&nbsp;y&nbsp;que&nbsp;es&nbsp;en&nbsp;la&nbsp;etapa&nbsp;del&nbsp;debate&nbsp;donde deber\u00e1n &nbsp; despejarse &nbsp; los&nbsp;interrogantes &nbsp;que&nbsp; puedan&nbsp; persistir&nbsp; dada&nbsp; la &nbsp;complejidad &nbsp; de&nbsp;los hechos &nbsp; que &nbsp; constituyen &nbsp; la &nbsp; hip\u00f3tesis &nbsp; delictiva &nbsp; en &nbsp; an\u00e1lisis, &nbsp; corresponde &nbsp; confirmar &nbsp; la Resoluci\u00f3n&nbsp;venida&nbsp;a&nbsp;conocimiento\u201d, se\u00f1alaron en su resoluci\u00f3n las juezas Roc\u00edo Alcal\u00e1 y Patricia Garc\u00eda.<\/p>\n\n\n\n<p>Cabe recordar que el 29 de diciembre, la jueza Federal, Zunilda Niremperger proces\u00f3 al exconjuez Aranda por considerarlo, prima facie, miembro de una Asociaci\u00f3n Il\u00edcita, en concurso real con los delitos de tr\u00e1fico de influencias, prevaricato e incumplimiento de la obligaci\u00f3n de promover la represi\u00f3n de un delito, todos ellos en car\u00e1cter de autor y coautor de los delitos de encubrimiento agravado y concusi\u00f3n agravado. A su vez, decidi\u00f3 trabarle un embargo por 10 millones de pesos.<\/p>\n\n\n\n<p>Junto con Aranda, y por los mismos delitos, tambi\u00e9n fueron procesados sin prisi\u00f3n preventiva los gendarmes Alberto Far\u00edas (comandante principal) y Enzo Aguirre (primer alf\u00e9rez y por ese entonces jefe de la Secci\u00f3n Villa \u00c1ngela). A Far\u00edas se le trab\u00f3 un embargo por 8 millones de pesosy a Aguirre por 3 millones de pesos.<\/p>\n\n\n\n<p>Por otra parte, los empresarios Mart\u00edn Rafael Raimundo y Clarisa Daniela Galissier, concu\u00f1ado y cu\u00f1ada de Aranda, due\u00f1os de la empresa de transportes de granos EAFA SA, fueron procesados, pero por considerarlos instigadores del delito de tr\u00e1fico de influencias.<\/p>\n\n\n\n<p>Se los acusa de utilizar los lazos familiares que mantienen con el exconjuez para supuestamente lograr que Gendarmer\u00eda anule una multa que se le realiz\u00f3 a uno de sus camiones el 12 de junio de 2020 en la zona de Villa \u00c1ngela.<\/p>\n","protected":false},"excerpt":{"rendered":"<p>La C\u00e1mara Federal de Apelaciones de Resistencia confirm\u00f3 este mi\u00e9rcoles el procesamiento sin prisi\u00f3n preventiva del exconjuez de S\u00e1enz Pe\u00f1a, Miguel Aranda, y los gendarmes Alberto Far\u00edas y Enzo Aguirre quienes est\u00e1n acusados de formar parte de una asociaci\u00f3n il\u00edcita que brindaba protecci\u00f3n y filtraba informaci\u00f3n a bandas de narcotraficantes. Tambi\u00e9n se confirm\u00f3 el procesamiento &hellip;<\/p>\n","protected":false},"author":2,"featured_media":76134,"comment_status":"open","ping_status":"open","sticky":false,"template":"","format":"standard","meta":{"_jetpack_memberships_contains_paid_content":false,"footnotes":"","jetpack_publicize_message":"","jetpack_publicize_feature_enabled":true,"jetpack_social_post_already_shared":true,"jetpack_social_options":{"image_generator_settings":{"template":"highway","default_image_id":0,"font":"","enabled":false},"version":2}},"categories":[5,50],"tags":[],"class_list":["post-76133","post","type-post","status-publish","format-standard","has-post-thumbnail","hentry","category-chaco","category-judiciales"],"jetpack_publicize_connections":[],"jetpack_featured_media_url":"https:\/\/portalmovil.com.ar\/wp-content\/uploads\/2023\/05\/MIGUEL-ARANDA.jpg","jetpack_sharing_enabled":true,"amp_enabled":true,"_links":{"self":[{"href":"https:\/\/portalmovil.com.ar\/index.php\/wp-json\/wp\/v2\/posts\/76133","targetHints":{"allow":["GET"]}}],"collection":[{"href":"https:\/\/portalmovil.com.ar\/index.php\/wp-json\/wp\/v2\/posts"}],"about":[{"href":"https:\/\/portalmovil.com.ar\/index.php\/wp-json\/wp\/v2\/types\/post"}],"author":[{"embeddable":true,"href":"https:\/\/portalmovil.com.ar\/index.php\/wp-json\/wp\/v2\/users\/2"}],"replies":[{"embeddable":true,"href":"https:\/\/portalmovil.com.ar\/index.php\/wp-json\/wp\/v2\/comments?post=76133"}],"version-history":[{"count":1,"href":"https:\/\/portalmovil.com.ar\/index.php\/wp-json\/wp\/v2\/posts\/76133\/revisions"}],"predecessor-version":[{"id":76135,"href":"https:\/\/portalmovil.com.ar\/index.php\/wp-json\/wp\/v2\/posts\/76133\/revisions\/76135"}],"wp:featuredmedia":[{"embeddable":true,"href":"https:\/\/portalmovil.com.ar\/index.php\/wp-json\/wp\/v2\/media\/76134"}],"wp:attachment":[{"href":"https:\/\/portalmovil.com.ar\/index.php\/wp-json\/wp\/v2\/media?parent=76133"}],"wp:term":[{"taxonomy":"category","embeddable":true,"href":"https:\/\/portalmovil.com.ar\/index.php\/wp-json\/wp\/v2\/categories?post=76133"},{"taxonomy":"post_tag","embeddable":true,"href":"https:\/\/portalmovil.com.ar\/index.php\/wp-json\/wp\/v2\/tags?post=76133"}],"curies":[{"name":"wp","href":"https:\/\/api.w.org\/{rel}","templated":true}]}}