{"id":76079,"date":"2023-05-09T17:26:37","date_gmt":"2023-05-09T20:26:37","guid":{"rendered":"https:\/\/portalmovil.com.ar\/?p=76079"},"modified":"2023-05-09T17:26:40","modified_gmt":"2023-05-09T20:26:40","slug":"el-cer-presento-la-escuela-de-fiscales-electorales-en-resistencia","status":"publish","type":"post","link":"https:\/\/portalmovil.com.ar\/index.php\/2023\/05\/09\/el-cer-presento-la-escuela-de-fiscales-electorales-en-resistencia\/","title":{"rendered":"El CER present\u00f3 la escuela de fiscales electorales en Resistencia"},"content":{"rendered":"\n<p>Con el objetivo de preparar a todas las personas que quieran participar de las elecciones Primarias Abiertas Simult\u00e1neas y Obligatorias (PASO), la candidata a intendenta de Resistencia, Eli Cuesta, present\u00f3 la Escuela de Fiscales Electorales, la cual estar\u00e1 a cargo de los abogados Graciela Lecrerc y Gerardo Albarenga.<\/p>\n\n\n\n<p>Las inscripciones son abiertas, gratuitas y se realizan en el local de Corriente de Expresi\u00f3n Renovada (CER), ubicado en avenida 25 de Mayo 421, para todos aquellos que quieran participar del acto eleccionario, \u201ccualquiera sea su partido, frente o ideolog\u00eda\u201d, afirmaron desde la organizaci\u00f3n.<\/p>\n\n\n\n<p>Los capacitadores informaron que un fiscal electoral es aquella persona que supervisa la transparencia de un acto eleccionario y una de sus funciones principales es el control de todo el proceso, desde la apertura de las mesas hasta la finalizaci\u00f3n de la jornada electoral.<\/p>\n\n\n\n<p>Cuesta remarc\u00f3 que la propuesta surgi\u00f3 como una forma de ayudar a todos los ciudadanos que quieran participar de un acto eleccionario. \u201cDesde el CER queremos aportar para que las elecciones sean cada vez m\u00e1s transparentes por eso esta iniciativa es para ayudar y capacitar a las personas, sin importar qu\u00e9 partido, frente electoral o ideolog\u00eda tengan\u201d, manifest\u00f3.<\/p>\n\n\n\n<p>Asimismo, la candidata a jefa comunal marc\u00f3 la importancia de que las y los ciudadanos est\u00e9n capacitados ante cualquier inconveniente que pueda surgir, para agilizar el proceso electoral a todos los votantes. \u201cTenemos experiencia en elecciones y sabemos que ese d\u00eda pueden surgir imponderables, por lo que es necesario que las y los fiscales electorales puedan resolver cada situaci\u00f3n agilizando el proceso y que cada votante emita su sufragio sin inconvenientes\u201d, asever\u00f3.<\/p>\n\n\n\n<p><strong>CLASES TE\u00d3RICAS Y PR\u00c1CTICAS<\/strong><\/p>\n\n\n\n<p>Leclerc explic\u00f3 sobre el funcionamiento de la escuela que, en principio, funcionar\u00e1 de lunes a viernes a las 15, a las 17 y a las 19. \u201cLa idea es que nuestros fiscales, no solamente de nuestro partido, sino de cualquier otro que quiera participar en las elecciones, se encuentren totalmente capacitados a la hora de realizar esta loable tarea. Vamos a dividir la jornada de capacitaci\u00f3n en tres m\u00f3dulos, en la apertura, durante el sufragio y en el escrutinio, que es uno de los momentos m\u00e1s importantes\u201d, coment\u00f3.<\/p>\n\n\n\n<p>En ese sentido, la directora agreg\u00f3 que tiene particular relevancia que esta es una elecci\u00f3n muy particular, por la cantidad de boletas. \u201cSe supone que habr\u00e1 hasta 150 boletas; van a ser clases te\u00f3ricas y pr\u00e1cticas. Calculamos que va a ser m\u00e1s o menos una hora y media, pero se pueden venir todas las veces que quieran y, al final de la capacitaci\u00f3n, se emitir\u00e1 un certificado que es lo que va a habilitar al fiscal estar capacitado para realizar la tarea\u201d, concluy\u00f3.<\/p>\n","protected":false},"excerpt":{"rendered":"<p>Con el objetivo de preparar a todas las personas que quieran participar de las elecciones Primarias Abiertas Simult\u00e1neas y Obligatorias (PASO), la candidata a intendenta de Resistencia, Eli Cuesta, present\u00f3 la Escuela de Fiscales Electorales, la cual estar\u00e1 a cargo de los abogados Graciela Lecrerc y Gerardo Albarenga. Las inscripciones son abiertas, gratuitas y se &hellip;<\/p>\n","protected":false},"author":2,"featured_media":76080,"comment_status":"open","ping_status":"open","sticky":false,"template":"","format":"standard","meta":{"_jetpack_memberships_contains_paid_content":false,"footnotes":"","jetpack_publicize_message":"","jetpack_publicize_feature_enabled":true,"jetpack_social_post_already_shared":true,"jetpack_social_options":{"image_generator_settings":{"template":"highway","default_image_id":0,"font":"","enabled":false},"version":2}},"categories":[14,37],"tags":[],"class_list":["post-76079","post","type-post","status-publish","format-standard","has-post-thumbnail","hentry","category-politica","category-resistencia"],"jetpack_publicize_connections":[],"jetpack_featured_media_url":"https:\/\/portalmovil.com.ar\/wp-content\/uploads\/2023\/05\/ESCUELA-DE-FISCALES-696x461-1.jpg","jetpack_sharing_enabled":true,"amp_enabled":true,"_links":{"self":[{"href":"https:\/\/portalmovil.com.ar\/index.php\/wp-json\/wp\/v2\/posts\/76079","targetHints":{"allow":["GET"]}}],"collection":[{"href":"https:\/\/portalmovil.com.ar\/index.php\/wp-json\/wp\/v2\/posts"}],"about":[{"href":"https:\/\/portalmovil.com.ar\/index.php\/wp-json\/wp\/v2\/types\/post"}],"author":[{"embeddable":true,"href":"https:\/\/portalmovil.com.ar\/index.php\/wp-json\/wp\/v2\/users\/2"}],"replies":[{"embeddable":true,"href":"https:\/\/portalmovil.com.ar\/index.php\/wp-json\/wp\/v2\/comments?post=76079"}],"version-history":[{"count":1,"href":"https:\/\/portalmovil.com.ar\/index.php\/wp-json\/wp\/v2\/posts\/76079\/revisions"}],"predecessor-version":[{"id":76081,"href":"https:\/\/portalmovil.com.ar\/index.php\/wp-json\/wp\/v2\/posts\/76079\/revisions\/76081"}],"wp:featuredmedia":[{"embeddable":true,"href":"https:\/\/portalmovil.com.ar\/index.php\/wp-json\/wp\/v2\/media\/76080"}],"wp:attachment":[{"href":"https:\/\/portalmovil.com.ar\/index.php\/wp-json\/wp\/v2\/media?parent=76079"}],"wp:term":[{"taxonomy":"category","embeddable":true,"href":"https:\/\/portalmovil.com.ar\/index.php\/wp-json\/wp\/v2\/categories?post=76079"},{"taxonomy":"post_tag","embeddable":true,"href":"https:\/\/portalmovil.com.ar\/index.php\/wp-json\/wp\/v2\/tags?post=76079"}],"curies":[{"name":"wp","href":"https:\/\/api.w.org\/{rel}","templated":true}]}}