{"id":76029,"date":"2023-05-08T21:24:22","date_gmt":"2023-05-09T00:24:22","guid":{"rendered":"https:\/\/portalmovil.com.ar\/?p=76029"},"modified":"2023-05-08T21:24:24","modified_gmt":"2023-05-09T00:24:24","slug":"capturaron-a-un-hombre-que-era-buscado-hace-8-anos-por-la-justicia-en-resistencia","status":"publish","type":"post","link":"https:\/\/portalmovil.com.ar\/index.php\/2023\/05\/08\/capturaron-a-un-hombre-que-era-buscado-hace-8-anos-por-la-justicia-en-resistencia\/","title":{"rendered":"Capturaron a un hombre que era buscado hace 8 a\u00f1os por la justicia en Resistencia"},"content":{"rendered":"\n<p>Este lunes por la tarde, los efectivos de la Comisar\u00eda Primera de la ciudad hicieron un control vehicular y de identificaci\u00f3n de personas en la calle Jos\u00e9 Novori al 50. Durante este control le tomaron los datos a un hombre de 46 a\u00f1os.<\/p>\n\n\n\n<p>Tras arrojar los datos de este hombre en el Sistema de Gesti\u00f3n Biom\u00e9trica, los efectivos pudieron darse cuenta que \u00e9l se encontraba con un pedido de captura que estaba activo desde el a\u00f1o 2015.<\/p>\n\n\n\n<p>El hombre de 46 a\u00f1os se encontraba siendo buscado por una causa de \u00abSupuesta Violencia de G\u00e9nero\u00bb desde el 7 de septiembre del 2015 tras una denuncia que hab\u00eda sido realizada en la Comisar\u00eda Octava en esa misma fecha.<\/p>\n\n\n\n<p>Finalmente, el hombre termin\u00f3 detenido.<\/p>\n","protected":false},"excerpt":{"rendered":"<p>Este lunes por la tarde, los efectivos de la Comisar\u00eda Primera de la ciudad hicieron un control vehicular y de identificaci\u00f3n de personas en la calle Jos\u00e9 Novori al 50. Durante este control le tomaron los datos a un hombre de 46 a\u00f1os. Tras arrojar los datos de este hombre en el Sistema de Gesti\u00f3n &hellip;<\/p>\n","protected":false},"author":2,"featured_media":76030,"comment_status":"open","ping_status":"open","sticky":false,"template":"","format":"standard","meta":{"_jetpack_memberships_contains_paid_content":false,"footnotes":"","jetpack_publicize_message":"","jetpack_publicize_feature_enabled":true,"jetpack_social_post_already_shared":true,"jetpack_social_options":{"image_generator_settings":{"template":"highway","default_image_id":0,"font":"","enabled":false},"version":2}},"categories":[8,37],"tags":[],"class_list":["post-76029","post","type-post","status-publish","format-standard","has-post-thumbnail","hentry","category-policiales","category-resistencia"],"jetpack_publicize_connections":[],"jetpack_featured_media_url":"https:\/\/portalmovil.com.ar\/wp-content\/uploads\/2023\/05\/6617fb5a-f441-483b-8477-885070ec0ff6.jpg","jetpack_sharing_enabled":true,"amp_enabled":true,"_links":{"self":[{"href":"https:\/\/portalmovil.com.ar\/index.php\/wp-json\/wp\/v2\/posts\/76029","targetHints":{"allow":["GET"]}}],"collection":[{"href":"https:\/\/portalmovil.com.ar\/index.php\/wp-json\/wp\/v2\/posts"}],"about":[{"href":"https:\/\/portalmovil.com.ar\/index.php\/wp-json\/wp\/v2\/types\/post"}],"author":[{"embeddable":true,"href":"https:\/\/portalmovil.com.ar\/index.php\/wp-json\/wp\/v2\/users\/2"}],"replies":[{"embeddable":true,"href":"https:\/\/portalmovil.com.ar\/index.php\/wp-json\/wp\/v2\/comments?post=76029"}],"version-history":[{"count":1,"href":"https:\/\/portalmovil.com.ar\/index.php\/wp-json\/wp\/v2\/posts\/76029\/revisions"}],"predecessor-version":[{"id":76031,"href":"https:\/\/portalmovil.com.ar\/index.php\/wp-json\/wp\/v2\/posts\/76029\/revisions\/76031"}],"wp:featuredmedia":[{"embeddable":true,"href":"https:\/\/portalmovil.com.ar\/index.php\/wp-json\/wp\/v2\/media\/76030"}],"wp:attachment":[{"href":"https:\/\/portalmovil.com.ar\/index.php\/wp-json\/wp\/v2\/media?parent=76029"}],"wp:term":[{"taxonomy":"category","embeddable":true,"href":"https:\/\/portalmovil.com.ar\/index.php\/wp-json\/wp\/v2\/categories?post=76029"},{"taxonomy":"post_tag","embeddable":true,"href":"https:\/\/portalmovil.com.ar\/index.php\/wp-json\/wp\/v2\/tags?post=76029"}],"curies":[{"name":"wp","href":"https:\/\/api.w.org\/{rel}","templated":true}]}}