{"id":75989,"date":"2023-05-08T10:05:16","date_gmt":"2023-05-08T13:05:16","guid":{"rendered":"https:\/\/portalmovil.com.ar\/?p=75989"},"modified":"2023-05-08T10:05:19","modified_gmt":"2023-05-08T13:05:19","slug":"el-gobierno-establecio-el-periodo-de-receso-invernal","status":"publish","type":"post","link":"https:\/\/portalmovil.com.ar\/index.php\/2023\/05\/08\/el-gobierno-establecio-el-periodo-de-receso-invernal\/","title":{"rendered":"El Gobierno estableci\u00f3 el per\u00edodo de receso invernal"},"content":{"rendered":"\n<p>Personal de la Administraci\u00f3n P\u00fablica contar\u00e1 con diez d\u00edas corridos para la Licencia Anual de Invierno con goce de haberes, que tendr\u00e1 dos per\u00edodos para para la concesi\u00f3n de la misma.<\/p>\n\n\n\n<p><br>\u00abQue a los efectos de la continuidad de los servicios, es conveniente fijar dos \u00a0per\u00edodos para la concesi\u00f3n de la Licencia, debiendo el titular de cada repartici\u00f3n, efectuar la \u00a0correspondiente distribuci\u00f3n del personal bajo su dependencia, considerando el Receso Escolar de Invierno establecido por la Resoluci\u00f3n N\u00ba 4974\/2022, del MECCyT modificada por su similar N\u00b0 349\/2023\u00bb, se describe en la resoluci\u00f3n.<\/p>\n\n\n\n<p><br>El decreto, que lleva la firma del gobernador Jorge Capitanich y del ministro de Gobierno, Juan Manuel Chapo, establece que el primer turno ser\u00e1 del 12 al 21 de julio y el segundo turno ir\u00e1 desde el 24 de julio al 2 de agosto del 2023.<\/p>\n\n\n\n<p><br>Se defini\u00f3 adem\u00e1s que cada dependencia p\u00fablica contar\u00e1 con el 50% del personal para la continuidad de los servicios.<\/p>\n","protected":false},"excerpt":{"rendered":"<p>Personal de la Administraci\u00f3n P\u00fablica contar\u00e1 con diez d\u00edas corridos para la Licencia Anual de Invierno con goce de haberes, que tendr\u00e1 dos per\u00edodos para para la concesi\u00f3n de la misma. \u00abQue a los efectos de la continuidad de los servicios, es conveniente fijar dos \u00a0per\u00edodos para la concesi\u00f3n de la Licencia, debiendo el titular &hellip;<\/p>\n","protected":false},"author":2,"featured_media":22662,"comment_status":"open","ping_status":"open","sticky":false,"template":"","format":"standard","meta":{"_jetpack_memberships_contains_paid_content":false,"footnotes":"","jetpack_publicize_message":"","jetpack_publicize_feature_enabled":true,"jetpack_social_post_already_shared":true,"jetpack_social_options":{"image_generator_settings":{"template":"highway","default_image_id":0,"font":"","enabled":false},"version":2}},"categories":[28,5],"tags":[],"class_list":["post-75989","post","type-post","status-publish","format-standard","has-post-thumbnail","hentry","category-actualidad","category-chaco"],"jetpack_publicize_connections":[],"jetpack_featured_media_url":"https:\/\/portalmovil.com.ar\/wp-content\/uploads\/2021\/03\/90344954_2451771341801556_3155253580332531712_o.jpg","jetpack_sharing_enabled":true,"amp_enabled":true,"_links":{"self":[{"href":"https:\/\/portalmovil.com.ar\/index.php\/wp-json\/wp\/v2\/posts\/75989","targetHints":{"allow":["GET"]}}],"collection":[{"href":"https:\/\/portalmovil.com.ar\/index.php\/wp-json\/wp\/v2\/posts"}],"about":[{"href":"https:\/\/portalmovil.com.ar\/index.php\/wp-json\/wp\/v2\/types\/post"}],"author":[{"embeddable":true,"href":"https:\/\/portalmovil.com.ar\/index.php\/wp-json\/wp\/v2\/users\/2"}],"replies":[{"embeddable":true,"href":"https:\/\/portalmovil.com.ar\/index.php\/wp-json\/wp\/v2\/comments?post=75989"}],"version-history":[{"count":1,"href":"https:\/\/portalmovil.com.ar\/index.php\/wp-json\/wp\/v2\/posts\/75989\/revisions"}],"predecessor-version":[{"id":75990,"href":"https:\/\/portalmovil.com.ar\/index.php\/wp-json\/wp\/v2\/posts\/75989\/revisions\/75990"}],"wp:featuredmedia":[{"embeddable":true,"href":"https:\/\/portalmovil.com.ar\/index.php\/wp-json\/wp\/v2\/media\/22662"}],"wp:attachment":[{"href":"https:\/\/portalmovil.com.ar\/index.php\/wp-json\/wp\/v2\/media?parent=75989"}],"wp:term":[{"taxonomy":"category","embeddable":true,"href":"https:\/\/portalmovil.com.ar\/index.php\/wp-json\/wp\/v2\/categories?post=75989"},{"taxonomy":"post_tag","embeddable":true,"href":"https:\/\/portalmovil.com.ar\/index.php\/wp-json\/wp\/v2\/tags?post=75989"}],"curies":[{"name":"wp","href":"https:\/\/api.w.org\/{rel}","templated":true}]}}