{"id":75782,"date":"2023-05-02T11:04:00","date_gmt":"2023-05-02T14:04:00","guid":{"rendered":"https:\/\/portalmovil.com.ar\/?p=75782"},"modified":"2023-05-02T23:09:54","modified_gmt":"2023-05-03T02:09:54","slug":"capitanich-tenemos-que-dar-lo-mejor-de-nosotros-mismos-para-encarar-las-elecciones","status":"publish","type":"post","link":"https:\/\/portalmovil.com.ar\/index.php\/2023\/05\/02\/capitanich-tenemos-que-dar-lo-mejor-de-nosotros-mismos-para-encarar-las-elecciones\/","title":{"rendered":"Capitanich: \u00abtenemos que dar lo mejor de nosotros mismos para encarar las elecciones\u00bb"},"content":{"rendered":"\n<p>El gobernador Jorge Capitanich, y la vicegobernadora, Anal\u00eda Rach Quiroga, acompa\u00f1aron este martes el primer encuentro de precandidatas y precandidatos del Frente Chaque\u00f1o que competir\u00e1n en las pr\u00f3ximas elecciones Primarias, Abiertas, Simult\u00e1neas y Obligatorias (PASO) del pr\u00f3ximo 18 de junio.<br>\u00abHoy es muy importante recordarle al pueblo chaque\u00f1o que cumplimos lo que nos comprometimos a hacer. Terminamos todas y cada una de las obras a las que nos comprometimos. Por eso el pueblo del Chaco conf\u00eda en nosotros, porque nos fijamos objetivos y metas y las cumplimos\u00bb, se\u00f1al\u00f3 el gobernador.<\/p>\n\n\n\n<p>Y ampli\u00f3: \u00abPor este pueblo luchamos, compa\u00f1eros y compa\u00f1eras. Por este pueblo merecemos dar nuestra vida y tenemos que dar lo mejor de nosotros mismos para encarar las pr\u00f3ximas elecciones\u00bb.<\/p>\n\n\n\n<p>Junto a representantes de diversos sectores: bomberos, docentes, estudiantes, personal de salud, deportistas, j\u00f3venes, pueblos originarios, veteranos de guerra, agricultores, obreros de la construcci\u00f3n, l\u00edderes de diversos cultos, entre otros, Capitanich remarc\u00f3: \u00abNos comprometemos en esta nueva etapa, porque en el 2007 definimos tres grandes objetivos: dijimos 100 mil empleos privados formales, agua potable para todos, aulas limpias y c\u00f3modas para los chaque\u00f1os y las chaque\u00f1as. Y hemos cumplido\u00bb.<\/p>\n\n\n\n<p>Dirigi\u00e9ndose a los precandidatos y a la militancia, el gobernador hizo un llamado a generar \u00abun gran desarrollo con participaci\u00f3n popular. Queremos que ustedes se pongan la camiseta, que cada concejal y concejala visite las casas de cada vecino o vecina\u00bb.<\/p>\n\n\n\n<p>En su discurso,&nbsp;<strong>el mandatario y precandidato a gobernador comparti\u00f3 una serie de gr\u00e1ficos informativos que dan cuenta del logro de metas en sus gestiones<\/strong>, tales como el crecimiento de la econom\u00eda chaque\u00f1a, que en 12 a\u00f1os de gesti\u00f3n creci\u00f3 un 5,7% anual y se encuentra en su m\u00e1ximo hist\u00f3rico, los m\u00e1s de 100.000 empleos formales privados creados en la provincia, y la ampliaci\u00f3n de las redes de agua potable, entre otros indicadores que dan cuenta de un cambio estructural para la provincia.<\/p>\n\n\n\n<p>Adem\u00e1s,&nbsp;<strong>present\u00f3 los ejes principales del Plan Quinquenal 2023 &#8211; 2027, en el que se propone invertir 3.705 millones de d\u00f3lares para consolidar el ritmo de crecimiento econ\u00f3mico, y profundizar la transformaci\u00f3n de la provincia, para llevar a Chaco a una posici\u00f3n de liderazgo en el Norte Grande Argentino en materia de econom\u00eda, salud, educaci\u00f3n, seguridad.<\/strong><\/p>\n\n\n\n<p>Dirigi\u00e9ndose a la oposici\u00f3n, Capitanich plante\u00f3:\u00a0<strong>\u00ab\u00bfQu\u00e9 nos pueden decir aquellos que ni siquiera embarraron sus zapatos? Quienes no tienen contacto directo con nuestro pueblo. La Rep\u00fablica Argentina y la provincia del Chaco no necesita pol\u00edticos de caf\u00e9 ni de bar, necesita trabajadores y trabajadoras\u00bb.<\/strong><\/p>\n\n\n\n<p><strong>\u00abTenemos 14 listas de diputados provinciales, 181 listas de intendentes, 253 listas de concejales, cerca de 2150 precandidatos y precandidatas que est\u00e1n ac\u00e1. Empezamos hoy a construir la victoria del 18 de junio para continuar el 17 de septiembre\u00bb<\/strong>, detall\u00f3 Capitanich, quien adem\u00e1s se\u00f1al\u00f3: \u00abLes pido a todos y a todas que hagamos una campa\u00f1a ejemplar, sin agravios, sin injurias, sin violencia, con democracia, con el coraz\u00f3n, convenciendo al otro, respet\u00e1ndonos entre nosotros\u00bb.<\/p>\n\n\n\n<p>El gobernador y precandidato destac\u00f3 la importancia de la participaci\u00f3n de los j\u00f3venes como actores pol\u00edticos en las diversas listas:&nbsp;<strong>\u00abQueremos darle la oportunidad a los j\u00f3venes, hombres y mujeres de nuestro espacio pol\u00edtico para la construcci\u00f3n del trasvasamiento generacional ordenado que implique un cambio pr\u00f3spero, seguro, confiable, permanente\u00bb.<\/strong><\/p>\n\n\n\n<p>\u00abNecesitamos legisladores que sean capaces de representar este proyecto pol\u00edtico para no pactar con aquellos que no quieren cambiar el nuevo paradigma y construir un nuevo paradigma institucional\u00bb, subray\u00f3 Capitanich.<\/p>\n\n\n\n<p>Los partidos que integran el Frente Chaque\u00f1o son:<\/p>\n\n\n\n<ul class=\"wp-block-list\">\n<li>Partido Justicialista<\/li>\n\n\n\n<li>Partido Cambio Popular<\/li>\n\n\n\n<li>Partido Causa Reparadora<\/li>\n\n\n\n<li>Partido Compromiso Chaque\u00f1o<\/li>\n\n\n\n<li>Partido Copebo<\/li>\n\n\n\n<li>Partido Dar<\/li>\n\n\n\n<li>Partido de la Victoria<\/li>\n\n\n\n<li>Partido Dem\u00f3crata<\/li>\n\n\n\n<li>Partido Equidad<\/li>\n\n\n\n<li>Partido Fe<\/li>\n\n\n\n<li>Partido Federal Kompromiso y Kambio<\/li>\n\n\n\n<li>Partido Forja<\/li>\n\n\n\n<li>Partido Frente Grande<\/li>\n\n\n\n<li>Partido Frente para el Cambio<\/li>\n\n\n\n<li>Partido Idea<\/li>\n\n\n\n<li>Partido La Nueva Opci\u00f3n<\/li>\n\n\n\n<li>Partido Libres del Sur<\/li>\n\n\n\n<li>Partido Movimiento de Bases<\/li>\n\n\n\n<li>Partido Nepar<\/li>\n\n\n\n<li>Partido Nuevo Encuentro<\/li>\n\n\n\n<li>Partido Pachu<\/li>\n\n\n\n<li>Partido Participaci\u00f3n Ciudadana<\/li>\n\n\n\n<li>Partido Proyecto Popular<\/li>\n\n\n\n<li>Partido Proyecto Sur<\/li>\n\n\n\n<li>Partido PTP<\/li>\n\n\n\n<li>Partido Socialistas Unidos por el Chaco<\/li>\n\n\n\n<li>Partido Unidos por Chaco<\/li>\n\n\n\n<li>Partido Uni\u00f3n para el Progreso<\/li>\n<\/ul>\n","protected":false},"excerpt":{"rendered":"<p>El gobernador Jorge Capitanich, y la vicegobernadora, Anal\u00eda Rach Quiroga, acompa\u00f1aron este martes el primer encuentro de precandidatas y precandidatos del Frente Chaque\u00f1o que competir\u00e1n en las pr\u00f3ximas elecciones Primarias, Abiertas, Simult\u00e1neas y Obligatorias (PASO) del pr\u00f3ximo 18 de junio.\u00abHoy es muy importante recordarle al pueblo chaque\u00f1o que cumplimos lo que nos comprometimos a hacer. &hellip;<\/p>\n","protected":false},"author":2,"featured_media":75783,"comment_status":"open","ping_status":"open","sticky":false,"template":"","format":"standard","meta":{"_jetpack_memberships_contains_paid_content":false,"footnotes":"","jetpack_publicize_message":"","jetpack_publicize_feature_enabled":true,"jetpack_social_post_already_shared":true,"jetpack_social_options":{"image_generator_settings":{"template":"highway","default_image_id":0,"font":"","enabled":false},"version":2}},"categories":[5,14,12],"tags":[],"class_list":["post-75782","post","type-post","status-publish","format-standard","has-post-thumbnail","hentry","category-chaco","category-politica","category-ultimo"],"jetpack_publicize_connections":[],"jetpack_featured_media_url":"https:\/\/portalmovil.com.ar\/wp-content\/uploads\/2023\/05\/6451b3cfdb6a4056134021.jpg","jetpack_sharing_enabled":true,"amp_enabled":true,"_links":{"self":[{"href":"https:\/\/portalmovil.com.ar\/index.php\/wp-json\/wp\/v2\/posts\/75782","targetHints":{"allow":["GET"]}}],"collection":[{"href":"https:\/\/portalmovil.com.ar\/index.php\/wp-json\/wp\/v2\/posts"}],"about":[{"href":"https:\/\/portalmovil.com.ar\/index.php\/wp-json\/wp\/v2\/types\/post"}],"author":[{"embeddable":true,"href":"https:\/\/portalmovil.com.ar\/index.php\/wp-json\/wp\/v2\/users\/2"}],"replies":[{"embeddable":true,"href":"https:\/\/portalmovil.com.ar\/index.php\/wp-json\/wp\/v2\/comments?post=75782"}],"version-history":[{"count":1,"href":"https:\/\/portalmovil.com.ar\/index.php\/wp-json\/wp\/v2\/posts\/75782\/revisions"}],"predecessor-version":[{"id":75784,"href":"https:\/\/portalmovil.com.ar\/index.php\/wp-json\/wp\/v2\/posts\/75782\/revisions\/75784"}],"wp:featuredmedia":[{"embeddable":true,"href":"https:\/\/portalmovil.com.ar\/index.php\/wp-json\/wp\/v2\/media\/75783"}],"wp:attachment":[{"href":"https:\/\/portalmovil.com.ar\/index.php\/wp-json\/wp\/v2\/media?parent=75782"}],"wp:term":[{"taxonomy":"category","embeddable":true,"href":"https:\/\/portalmovil.com.ar\/index.php\/wp-json\/wp\/v2\/categories?post=75782"},{"taxonomy":"post_tag","embeddable":true,"href":"https:\/\/portalmovil.com.ar\/index.php\/wp-json\/wp\/v2\/tags?post=75782"}],"curies":[{"name":"wp","href":"https:\/\/api.w.org\/{rel}","templated":true}]}}