{"id":7560,"date":"2020-06-11T00:34:09","date_gmt":"2020-06-11T03:34:09","guid":{"rendered":"http:\/\/portalmovil.com.ar\/?p=7560"},"modified":"2020-06-11T00:34:12","modified_gmt":"2020-06-11T03:34:12","slug":"bolsonaro-acusa-a-la-oms-de-querer-quebrar-a-brasil-con-sus-recomendaciones","status":"publish","type":"post","link":"https:\/\/portalmovil.com.ar\/index.php\/2020\/06\/11\/bolsonaro-acusa-a-la-oms-de-querer-quebrar-a-brasil-con-sus-recomendaciones\/","title":{"rendered":"Bolsonaro acusa a la OMS de querer quebrar a Brasil con sus recomendaciones"},"content":{"rendered":"\n<p>Las declaraciones del presidente de Brasil fueron realizadas&nbsp;un d\u00eda despu\u00e9s de que el Congreso aprobara el uso obligatorio del tapabocas en todo el pa\u00eds, el m\u00e1s golpeado por el brote en Am\u00e9rica Latina con m\u00e1s de 38.000 muertes.<\/p>\n\n\n\n<p>Durante el tradicional saludo a sus simpatizantes reunidos a las afueras de la residencia presidencial,\u00a0Bolsonaro\u00a0insin\u00fao esta ma\u00f1ana que \u00abhay algo detr\u00e1s del respaldo a la cuarentena\u00bb de la OMS y sugiri\u00f3 que \u00abquiere quebrar a los pa\u00edses\u00bb, report\u00f3 la agencia de noticias Ansa.<br><br>\u00abHay una enorme cantidad de problemas econ\u00f3micos, se va a llegar a un punto en el que Brasil va a quebrar\u00bb, afirm\u00f3 el mandatario tras escuchar las penurias econ\u00f3micas manifestadas por sus seguidores.<br><br>En un gui\u00f1o a su hom\u00f3logo estadounidense Donald Trump, Bolsonaro volvi\u00f3 a amenazar ayer con abandonar la agencia sanitaria de Naciones Unidas, a la que critic\u00f3 en reiteradas ocasiones por su gesti\u00f3n \u00abideol\u00f3gica\u00bb y \u00abpro China\u00bb de la crisis sanitaria.<br><br>Desde el inicio de la pandemia, el gobernante minimiz\u00f3 la gravedad de la enfermedad, a la que calific\u00f3 de \u00abgripecita\u00bb, rechaz\u00f3 las cuarentenas para priorizar la econom\u00eda -que igual se desplom\u00f3- y hasta desestim\u00f3 las medidas de distanciamiento social que recomendaba su propio gobierno.<br><br>Esta actitud hizo que su gesti\u00f3n de la pandemia fuese mundialmente criticada, y a ella se atribuye en gran parte que\u00a0Brasil sea el segundo pa\u00eds con m\u00e1s muertes en el mundo, m\u00e1s de 38.000, solo por detr\u00e1s de Estados Unidos.<br><br>Pese a esta situaci\u00f3n alarmante,\u00a0Bolsonaro\u00a0volvi\u00f3 a considerar hoy que el aislamiento es m\u00e1s pernicioso que la pandemia, al provocar una crisis econ\u00f3mica por la cual \u00abmucha gente est\u00e1 muriendo de hambre, de depresi\u00f3n, por homicidios\u00bb.<br><br>En ese sentido, critic\u00f3 una vez m\u00e1s a los gobernadores que siguen \u00abciegamente\u00bb las recomendaciones de la OMS y rechazan sus llamados a la reapertura econ\u00f3mica.<\/p>\n","protected":false},"excerpt":{"rendered":"<p>Las declaraciones del presidente de Brasil fueron realizadas&nbsp;un d\u00eda despu\u00e9s de que el Congreso aprobara el uso obligatorio del tapabocas en todo el pa\u00eds, el m\u00e1s golpeado por el brote en Am\u00e9rica Latina con m\u00e1s de 38.000 muertes. Durante el tradicional saludo a sus simpatizantes reunidos a las afueras de la residencia presidencial,\u00a0Bolsonaro\u00a0insin\u00fao esta ma\u00f1ana &hellip;<\/p>\n","protected":false},"author":2,"featured_media":6603,"comment_status":"open","ping_status":"open","sticky":false,"template":"","format":"standard","meta":{"_jetpack_memberships_contains_paid_content":false,"footnotes":"","jetpack_publicize_message":"","jetpack_publicize_feature_enabled":true,"jetpack_social_post_already_shared":true,"jetpack_social_options":{"image_generator_settings":{"template":"highway","default_image_id":0,"font":"","enabled":false},"version":2}},"categories":[17,12],"tags":[],"class_list":["post-7560","post","type-post","status-publish","format-standard","has-post-thumbnail","hentry","category-mundo","category-ultimo"],"jetpack_publicize_connections":[],"jetpack_featured_media_url":"https:\/\/portalmovil.com.ar\/wp-content\/uploads\/2020\/05\/Bolsonaro.jpg","jetpack_sharing_enabled":true,"amp_enabled":true,"_links":{"self":[{"href":"https:\/\/portalmovil.com.ar\/index.php\/wp-json\/wp\/v2\/posts\/7560","targetHints":{"allow":["GET"]}}],"collection":[{"href":"https:\/\/portalmovil.com.ar\/index.php\/wp-json\/wp\/v2\/posts"}],"about":[{"href":"https:\/\/portalmovil.com.ar\/index.php\/wp-json\/wp\/v2\/types\/post"}],"author":[{"embeddable":true,"href":"https:\/\/portalmovil.com.ar\/index.php\/wp-json\/wp\/v2\/users\/2"}],"replies":[{"embeddable":true,"href":"https:\/\/portalmovil.com.ar\/index.php\/wp-json\/wp\/v2\/comments?post=7560"}],"version-history":[{"count":1,"href":"https:\/\/portalmovil.com.ar\/index.php\/wp-json\/wp\/v2\/posts\/7560\/revisions"}],"predecessor-version":[{"id":7561,"href":"https:\/\/portalmovil.com.ar\/index.php\/wp-json\/wp\/v2\/posts\/7560\/revisions\/7561"}],"wp:featuredmedia":[{"embeddable":true,"href":"https:\/\/portalmovil.com.ar\/index.php\/wp-json\/wp\/v2\/media\/6603"}],"wp:attachment":[{"href":"https:\/\/portalmovil.com.ar\/index.php\/wp-json\/wp\/v2\/media?parent=7560"}],"wp:term":[{"taxonomy":"category","embeddable":true,"href":"https:\/\/portalmovil.com.ar\/index.php\/wp-json\/wp\/v2\/categories?post=7560"},{"taxonomy":"post_tag","embeddable":true,"href":"https:\/\/portalmovil.com.ar\/index.php\/wp-json\/wp\/v2\/tags?post=7560"}],"curies":[{"name":"wp","href":"https:\/\/api.w.org\/{rel}","templated":true}]}}