{"id":7557,"date":"2020-06-11T00:27:32","date_gmt":"2020-06-11T03:27:32","guid":{"rendered":"http:\/\/portalmovil.com.ar\/?p=7557"},"modified":"2020-06-11T00:27:35","modified_gmt":"2020-06-11T03:27:35","slug":"ley-de-alquileres-el-senado-vuelve-a-sesionar-este-jueves","status":"publish","type":"post","link":"https:\/\/portalmovil.com.ar\/index.php\/2020\/06\/11\/ley-de-alquileres-el-senado-vuelve-a-sesionar-este-jueves\/","title":{"rendered":"Ley de Alquileres: el Senado vuelve a sesionar este jueves"},"content":{"rendered":"\n<p>El\u00a0Senado\u00a0sesionar\u00e1 este jueves para tratar tres temas, entre ellos, la nueva\u00a0Ley de Alquileres\u00a0y el proyecto de educaci\u00f3n a distancia, que quedaron trabados la semana pasada por un conflicto entre el oficialismo y la oposici\u00f3n que contin\u00faa, debido a la decisi\u00f3n del Frente de Todos de abordar proyectos no relacionados con la pandemia.<\/p>\n\n\n\n<p>La presidenta del Senado,\u00a0Cristina Kirchner,\u00a0convoc\u00f3 a la sesi\u00f3n virtual para este jueves a las 14:00\u00a0con un temario que incluye, adem\u00e1s, un proyecto del oficialista Oscar Parrilli para suspender la constituci\u00f3n e inscripci\u00f3n de Sociedades por Acciones Simplificadas (SAS), un sistema creado por la gesti\u00f3n anterior.<\/p>\n\n\n\n<p>La inclusi\u00f3n de ese proyecto abona la pelea que mantienen el Frente de Todos y Juntos por el Cambio, debido a que\u00a0la principal bancada opositora le reprocha al oficialismo no estar cumpliendo con el protocolo que se estableci\u00f3 para las sesiones virtuales.<\/p>\n\n\n\n<p>El decreto parlamentario 008\/20 firmado por Cristina Kirchner tras un acuerdo entre las dos bloque principales estableci\u00f3 que \u00ablas sesiones virtuales o remotas tratar\u00e1n sobre medidas espec\u00edficas\u00bb dirigidas a \u00abcombatir el Covid-19, sus consecuencias y las que deriven de las medidas\u00bb preventivas.<\/p>\n\n\n\n<p>Sin embargo,\u00a0el oficialismo avanz\u00f3 en la sesi\u00f3n de la semana pasada con el tratamiento de un decreto de la gesti\u00f3n de Mauricio Macri sobre las escuchas telef\u00f3nicas, un tema ajeno a la pandemia, y a modo de respuesta la oposici\u00f3n bloque\u00f3 el tratamiento de la Ley de Alquileres y el proyecto sobre educaci\u00f3n a distancia.<\/p>\n\n\n\n<p>Ambas iniciativas requer\u00edan que los dos tercios de los presentes habilitar\u00e1n su tratamiento por no haber transcurrido los siete d\u00edas reglamentarios desde la firma de los dict\u00e1menes de comisi\u00f3n y, molestos con el oficialismo, los senadores opositores negaron su voto y se desconectaron de la sesi\u00f3n, impidiendo que se trataran.<\/p>\n\n\n\n<p>Por ese motivo, los dos proyectos -que cuentan con consenso- se tratar\u00e1n en la sesi\u00f3n de este jueves, ya sin la necesidad de reunir esa mayor\u00eda especial, pero la pelea por el acuerdo en torno al temario de las sesiones virtuales contin\u00faa y, de hecho, se agrav\u00f3 esta semana.<\/p>\n","protected":false},"excerpt":{"rendered":"<p>El\u00a0Senado\u00a0sesionar\u00e1 este jueves para tratar tres temas, entre ellos, la nueva\u00a0Ley de Alquileres\u00a0y el proyecto de educaci\u00f3n a distancia, que quedaron trabados la semana pasada por un conflicto entre el oficialismo y la oposici\u00f3n que contin\u00faa, debido a la decisi\u00f3n del Frente de Todos de abordar proyectos no relacionados con la pandemia. La presidenta del &hellip;<\/p>\n","protected":false},"author":2,"featured_media":7558,"comment_status":"open","ping_status":"open","sticky":false,"template":"","format":"standard","meta":{"_jetpack_memberships_contains_paid_content":false,"footnotes":"","jetpack_publicize_message":"","jetpack_publicize_feature_enabled":true,"jetpack_social_post_already_shared":true,"jetpack_social_options":{"image_generator_settings":{"template":"highway","default_image_id":0,"font":"","enabled":false},"version":2}},"categories":[14],"tags":[],"class_list":["post-7557","post","type-post","status-publish","format-standard","has-post-thumbnail","hentry","category-politica"],"jetpack_publicize_connections":[],"jetpack_featured_media_url":"https:\/\/portalmovil.com.ar\/wp-content\/uploads\/2020\/06\/103398446_187942232559084_4946624938806737670_n.gif","jetpack_sharing_enabled":true,"amp_enabled":true,"_links":{"self":[{"href":"https:\/\/portalmovil.com.ar\/index.php\/wp-json\/wp\/v2\/posts\/7557","targetHints":{"allow":["GET"]}}],"collection":[{"href":"https:\/\/portalmovil.com.ar\/index.php\/wp-json\/wp\/v2\/posts"}],"about":[{"href":"https:\/\/portalmovil.com.ar\/index.php\/wp-json\/wp\/v2\/types\/post"}],"author":[{"embeddable":true,"href":"https:\/\/portalmovil.com.ar\/index.php\/wp-json\/wp\/v2\/users\/2"}],"replies":[{"embeddable":true,"href":"https:\/\/portalmovil.com.ar\/index.php\/wp-json\/wp\/v2\/comments?post=7557"}],"version-history":[{"count":1,"href":"https:\/\/portalmovil.com.ar\/index.php\/wp-json\/wp\/v2\/posts\/7557\/revisions"}],"predecessor-version":[{"id":7559,"href":"https:\/\/portalmovil.com.ar\/index.php\/wp-json\/wp\/v2\/posts\/7557\/revisions\/7559"}],"wp:featuredmedia":[{"embeddable":true,"href":"https:\/\/portalmovil.com.ar\/index.php\/wp-json\/wp\/v2\/media\/7558"}],"wp:attachment":[{"href":"https:\/\/portalmovil.com.ar\/index.php\/wp-json\/wp\/v2\/media?parent=7557"}],"wp:term":[{"taxonomy":"category","embeddable":true,"href":"https:\/\/portalmovil.com.ar\/index.php\/wp-json\/wp\/v2\/categories?post=7557"},{"taxonomy":"post_tag","embeddable":true,"href":"https:\/\/portalmovil.com.ar\/index.php\/wp-json\/wp\/v2\/tags?post=7557"}],"curies":[{"name":"wp","href":"https:\/\/api.w.org\/{rel}","templated":true}]}}