{"id":75534,"date":"2023-04-27T10:04:28","date_gmt":"2023-04-27T13:04:28","guid":{"rendered":"https:\/\/portalmovil.com.ar\/?p=75534"},"modified":"2023-04-27T10:04:32","modified_gmt":"2023-04-27T13:04:32","slug":"el-municipio-habilita-la-plaza-25-de-mayo-con-una-semana-cargada-de-actividades","status":"publish","type":"post","link":"https:\/\/portalmovil.com.ar\/index.php\/2023\/04\/27\/el-municipio-habilita-la-plaza-25-de-mayo-con-una-semana-cargada-de-actividades\/","title":{"rendered":"El municipio habilita la Plaza 25 de Mayo con una semana cargada de actividades"},"content":{"rendered":"\n<p>El Municipio de Resistencia formaliz\u00f3 la fecha de apertura de la Plaza 25 de Mayo. Este domingo 30 de abril, a las 17.30 horas, en el monumento ecuestre del General Jos\u00e9 de San Mart\u00edn se realizar\u00e1 la bendici\u00f3n con la Mesa Interreligiosa. Esta ser\u00e1 la primera actividad de una semana en la que se dar\u00e1 a conocer la obra de gran envergadura que se realiz\u00f3 en uno de los espacios m\u00e1s caracter\u00edsticos de la Ciudad y reconocido en toda la regi\u00f3n por sus dimensiones y belleza.<\/p>\n\n\n\n<p>Los Cafres y Los Caligaris ser\u00e1n la frutilla del postre para seis d\u00edas que incluir\u00e1n actos protocolares, presentaciones de la Banda Municipal y sus pares de distintas fuerzas, circo y actividades para toda la familia, recorridas por los monumentos hist\u00f3ricos restaurados, gu\u00edas para conocer la nueva vegetaci\u00f3n y el nuevo patrimonio de arte pl\u00e1stico plasmado por pintores locales.<\/p>\n\n\n\n<p>Seg\u00fan el cronograma de actividades previsto para tal ocasi\u00f3n, a las 17,30, junto a la base del monumento a Jos\u00e9 de San Mart\u00edn que se encuentra en el centro de la plaza, se llevar\u00e1 adelante el primer acto protocolar y la inauguraci\u00f3n oficial.<\/p>\n\n\n\n<p>El lunes 1 de mayo, desde las 16, en la zona de juegos infantiles tendr\u00e1 lugar la actuaci\u00f3n de payasos y animadores de Chaque el Circo; desde las 18, en la retreta de la plaza, actuar\u00e1 la Banda Municipal Lu\u00eds Omobono Gusberti; mientras que, desde las 18, en el anfiteatro se realizar\u00e1 la presentaci\u00f3n de Bandas Militares.<\/p>\n\n\n\n<p>El martes 2 de mayo, desde las 19, el mismo monumento ecuestre al padre de la patria ser\u00e1 el punto de partida para la recorrida por las obras art\u00edsticas diseminadas y la visualizaci\u00f3n de los trabajos de restauraci\u00f3n realizados.<\/p>\n\n\n\n<p>El mi\u00e9rcoles 3, desde las 10, se iniciar\u00e1 la jornada en la zona de los Caniles, frente al Correo Argentino, donde se realizar\u00e1 la habilitaci\u00f3n del Parque Canil Recreativo para Mascotas; mientras que a las 19 se llevar\u00e1 adelante la presentaci\u00f3n de los nuevos bancos intervenidos art\u00edsticamente.<\/p>\n\n\n\n<p>El jueves 4, desde las 10, se iniciar\u00e1 una nueva recorrida con detalle de las obras terminadas que se realizaron en la plaza; y a las 18 ser\u00e1 el turno de visitar la nueva vegetaci\u00f3n con la que cuenta este espacio hist\u00f3rico.<\/p>\n\n\n\n<p>Finalmente, el viernes 5, desde las 18,30 y nuevamente en la zona central del predio, se realizar\u00e1 el descubrimiento de la placa que inmortaliza la restauraci\u00f3n de la plaza; para que, a las 21, la fiesta se traslade a la avenida 9 de Julio donde estar\u00e1 el escenario mayor para la presentaci\u00f3n de Los Cafres y Los Caligaris con entrada libre y gratuita.<\/p>\n","protected":false},"excerpt":{"rendered":"<p>El Municipio de Resistencia formaliz\u00f3 la fecha de apertura de la Plaza 25 de Mayo. Este domingo 30 de abril, a las 17.30 horas, en el monumento ecuestre del General Jos\u00e9 de San Mart\u00edn se realizar\u00e1 la bendici\u00f3n con la Mesa Interreligiosa. Esta ser\u00e1 la primera actividad de una semana en la que se dar\u00e1 &hellip;<\/p>\n","protected":false},"author":2,"featured_media":75535,"comment_status":"open","ping_status":"open","sticky":false,"template":"","format":"standard","meta":{"_jetpack_memberships_contains_paid_content":false,"footnotes":"","jetpack_publicize_message":"","jetpack_publicize_feature_enabled":true,"jetpack_social_post_already_shared":true,"jetpack_social_options":{"image_generator_settings":{"template":"highway","default_image_id":0,"font":"","enabled":false},"version":2}},"categories":[14,37],"tags":[],"class_list":["post-75534","post","type-post","status-publish","format-standard","has-post-thumbnail","hentry","category-politica","category-resistencia"],"jetpack_publicize_connections":[],"jetpack_featured_media_url":"https:\/\/portalmovil.com.ar\/wp-content\/uploads\/2023\/04\/FundacionUrunday-PlazaSanMartin2-696x473-1.jpg","jetpack_sharing_enabled":true,"amp_enabled":true,"_links":{"self":[{"href":"https:\/\/portalmovil.com.ar\/index.php\/wp-json\/wp\/v2\/posts\/75534","targetHints":{"allow":["GET"]}}],"collection":[{"href":"https:\/\/portalmovil.com.ar\/index.php\/wp-json\/wp\/v2\/posts"}],"about":[{"href":"https:\/\/portalmovil.com.ar\/index.php\/wp-json\/wp\/v2\/types\/post"}],"author":[{"embeddable":true,"href":"https:\/\/portalmovil.com.ar\/index.php\/wp-json\/wp\/v2\/users\/2"}],"replies":[{"embeddable":true,"href":"https:\/\/portalmovil.com.ar\/index.php\/wp-json\/wp\/v2\/comments?post=75534"}],"version-history":[{"count":1,"href":"https:\/\/portalmovil.com.ar\/index.php\/wp-json\/wp\/v2\/posts\/75534\/revisions"}],"predecessor-version":[{"id":75536,"href":"https:\/\/portalmovil.com.ar\/index.php\/wp-json\/wp\/v2\/posts\/75534\/revisions\/75536"}],"wp:featuredmedia":[{"embeddable":true,"href":"https:\/\/portalmovil.com.ar\/index.php\/wp-json\/wp\/v2\/media\/75535"}],"wp:attachment":[{"href":"https:\/\/portalmovil.com.ar\/index.php\/wp-json\/wp\/v2\/media?parent=75534"}],"wp:term":[{"taxonomy":"category","embeddable":true,"href":"https:\/\/portalmovil.com.ar\/index.php\/wp-json\/wp\/v2\/categories?post=75534"},{"taxonomy":"post_tag","embeddable":true,"href":"https:\/\/portalmovil.com.ar\/index.php\/wp-json\/wp\/v2\/tags?post=75534"}],"curies":[{"name":"wp","href":"https:\/\/api.w.org\/{rel}","templated":true}]}}