{"id":75430,"date":"2023-04-25T10:03:29","date_gmt":"2023-04-25T13:03:29","guid":{"rendered":"https:\/\/portalmovil.com.ar\/?p=75430"},"modified":"2023-04-25T10:03:32","modified_gmt":"2023-04-25T13:03:32","slug":"relanzan-el-programa-hogar-para-la-compra-de-garrafas","status":"publish","type":"post","link":"https:\/\/portalmovil.com.ar\/index.php\/2023\/04\/25\/relanzan-el-programa-hogar-para-la-compra-de-garrafas\/","title":{"rendered":"Relanzan el Programa Hogar para la compra de garrafas"},"content":{"rendered":"\n<p>El ministro de Econom\u00eda de la Naci\u00f3n, Sergio Massa, y la titular de la\u00a0Anses, Fernanda Raverta, anunciaron el relanzamiento del Programa Hogar, de la Secretar\u00eda de Energ\u00eda de la Naci\u00f3n, que subsidiar\u00e1 el 80% del valor de la garrafa de gas a los hogares de menores ingresos.<\/p>\n\n\n\n<p>Las titulares de la Asignaci\u00f3n Universal por Hijo y la Asignaci\u00f3n por Embarazo, as\u00ed como tambi\u00e9n los jubilados y pensionados de hasta un haber m\u00ednimo que percib\u00edan el Programa Hogar no deber\u00e1n volver a inscribirse.<\/p>\n\n\n\n<p><strong>Cabe aclarar que las personas que se tengan que inscribir al Programa Hogar por primera vez y vivan en una localidad con cobertura de gas, deber\u00e1n presentar el certificado emitido por la distribuidora de que no cuentan con conexi\u00f3n de gas.<\/strong><\/p>\n\n\n\n<p>Asimismo,&nbsp;<strong>si una persona o su conviviente solicitaron el subsidio por Segmentaci\u00f3n Energ\u00e9tica no podr\u00e1 acceder al subsidio por garrafa del Programa Hogar.<\/strong><\/p>\n\n\n\n<h3 class=\"wp-block-heading\"><strong>\u00bfEN QU\u00c9 CONSISTE EL PROGRAMA HOGAR?<\/strong><\/h3>\n\n\n\n<p>Consiste en un subsidio directo y mensual fijado por la Secretar\u00eda de Energ\u00eda que cubre parte del precio de la garrafa de 10 kilogramos.<\/p>\n\n\n\n<h3 class=\"wp-block-heading\"><strong>\u00bfQUI\u00c9NES LO PUEDEN SOLICITAR?<\/strong><\/h3>\n\n\n\n<ul class=\"wp-block-list\">\n<li>Todos los hogares sin conexi\u00f3n a la red de gas natural, cuyos ingresos sean inferiores a:<\/li>\n\n\n\n<li>Dos Salarios M\u00ednimos, Vitales y M\u00f3viles (SMVM).<\/li>\n\n\n\n<li>Tres SMVM si alguno de sus integrantes posee certificado de discapacidad.<\/li>\n\n\n\n<li>2,8 SMVM si residen en las zonas m\u00e1s fr\u00edas del pa\u00eds.<\/li>\n\n\n\n<li>4,2 SMVM si residen en las zonas m\u00e1s fr\u00edas del pa\u00eds y alguno de sus integrantes posee certificado de discapacidad.<\/li>\n<\/ul>\n\n\n\n<p>En el caso de los monotributistas, de acuerdo con las siguientes categor\u00edas:<\/p>\n\n\n\n<ul class=\"wp-block-list\">\n<li>Hogares cuyos ingresos sean hasta Categor\u00eda C (inclusive).<\/li>\n\n\n\n<li>Hogares con integrante con certificado de discapacidad, cuyos ingresos sean hasta Categor\u00eda D (inclusive).<\/li>\n\n\n\n<li>En la Patagonia, hogares cuyos ingresos sean hasta Categor\u00eda D (inclusive) y hogares con integrante con certificado de discapacidad, cuyos ingresos sean hasta Categor\u00eda E (inclusive).<\/li>\n<\/ul>\n\n\n\n<p>Para todos los casos, es fundamental que los datos personales y del grupo familiar conviviente est\u00e9n actualizados en Anses.<\/p>\n\n\n\n<h3 class=\"wp-block-heading\"><strong>\u00bfC\u00d3MO ES LA INSCRIPCI\u00d3N?<\/strong><\/h3>\n\n\n\n<p>Con la Clave de Seguridad Social, a trav\u00e9s de Mi Anses en&nbsp;<a href=\"http:\/\/www.anses.gob.ar\/\" rel=\"noreferrer noopener\" target=\"_blank\">www.anses.gob.ar<\/a>&nbsp;o con turno previo en cualquier oficina de la Anses.<\/p>\n","protected":false},"excerpt":{"rendered":"<p>El ministro de Econom\u00eda de la Naci\u00f3n, Sergio Massa, y la titular de la\u00a0Anses, Fernanda Raverta, anunciaron el relanzamiento del Programa Hogar, de la Secretar\u00eda de Energ\u00eda de la Naci\u00f3n, que subsidiar\u00e1 el 80% del valor de la garrafa de gas a los hogares de menores ingresos. Las titulares de la Asignaci\u00f3n Universal por Hijo &hellip;<\/p>\n","protected":false},"author":2,"featured_media":60744,"comment_status":"open","ping_status":"open","sticky":false,"template":"","format":"standard","meta":{"_jetpack_memberships_contains_paid_content":false,"footnotes":"","jetpack_publicize_message":"","jetpack_publicize_feature_enabled":true,"jetpack_social_post_already_shared":true,"jetpack_social_options":{"image_generator_settings":{"template":"highway","default_image_id":0,"font":"","enabled":false},"version":2}},"categories":[28],"tags":[],"class_list":["post-75430","post","type-post","status-publish","format-standard","has-post-thumbnail","hentry","category-actualidad"],"jetpack_publicize_connections":[],"jetpack_featured_media_url":"https:\/\/portalmovil.com.ar\/wp-content\/uploads\/2022\/08\/1769e045-a51a-4509-bc0e-d884762925f8.jpg","jetpack_sharing_enabled":true,"amp_enabled":true,"_links":{"self":[{"href":"https:\/\/portalmovil.com.ar\/index.php\/wp-json\/wp\/v2\/posts\/75430","targetHints":{"allow":["GET"]}}],"collection":[{"href":"https:\/\/portalmovil.com.ar\/index.php\/wp-json\/wp\/v2\/posts"}],"about":[{"href":"https:\/\/portalmovil.com.ar\/index.php\/wp-json\/wp\/v2\/types\/post"}],"author":[{"embeddable":true,"href":"https:\/\/portalmovil.com.ar\/index.php\/wp-json\/wp\/v2\/users\/2"}],"replies":[{"embeddable":true,"href":"https:\/\/portalmovil.com.ar\/index.php\/wp-json\/wp\/v2\/comments?post=75430"}],"version-history":[{"count":1,"href":"https:\/\/portalmovil.com.ar\/index.php\/wp-json\/wp\/v2\/posts\/75430\/revisions"}],"predecessor-version":[{"id":75431,"href":"https:\/\/portalmovil.com.ar\/index.php\/wp-json\/wp\/v2\/posts\/75430\/revisions\/75431"}],"wp:featuredmedia":[{"embeddable":true,"href":"https:\/\/portalmovil.com.ar\/index.php\/wp-json\/wp\/v2\/media\/60744"}],"wp:attachment":[{"href":"https:\/\/portalmovil.com.ar\/index.php\/wp-json\/wp\/v2\/media?parent=75430"}],"wp:term":[{"taxonomy":"category","embeddable":true,"href":"https:\/\/portalmovil.com.ar\/index.php\/wp-json\/wp\/v2\/categories?post=75430"},{"taxonomy":"post_tag","embeddable":true,"href":"https:\/\/portalmovil.com.ar\/index.php\/wp-json\/wp\/v2\/tags?post=75430"}],"curies":[{"name":"wp","href":"https:\/\/api.w.org\/{rel}","templated":true}]}}