{"id":7531,"date":"2020-06-10T17:23:02","date_gmt":"2020-06-10T20:23:02","guid":{"rendered":"http:\/\/portalmovil.com.ar\/?p=7531"},"modified":"2020-06-10T17:23:07","modified_gmt":"2020-06-10T20:23:07","slug":"allanan-la-carcel-de-ezeiza-por-la-causa-de-espionaje-ilegal-durante-el-macrismo","status":"publish","type":"post","link":"https:\/\/portalmovil.com.ar\/index.php\/2020\/06\/10\/allanan-la-carcel-de-ezeiza-por-la-causa-de-espionaje-ilegal-durante-el-macrismo\/","title":{"rendered":"Allanan la c\u00e1rcel de Ezeiza por la causa de espionaje ilegal durante el macrismo"},"content":{"rendered":"\n<p>En el marco de la causa que se instruye en el juzgado federal N\u00b01 de Lomas de Zamora a cargo del Juez Federico Villena se produjo un\u00a0allanamiento en el penal de\u00a0Ezeiza\u00a0por supuesto\u00a0espionaje ilegal\u00a0de la Agencia Federal de Inteligencia (AFI) durante el gobierno de Mauricio Macri.<\/p>\n\n\n\n<p>El allanamiento tiene lugar en estos momentos y se concentra en el m\u00f3dulo VI de la c\u00e1rcel de Ezeiza, Pabellones C y D, donde est\u00e1n detenidos varios empresarios y ex funcionarios del gobierno de Cristina Kirchner,\u00a0se habr\u00edan colocado micr\u00f3fonos\u00a0en las celdas, as\u00ed como tambi\u00e9n en los espacios comunes y donde los presos recib\u00edan a sus familiares o dialogaban con sus abogados defensores.<\/p>\n\n\n\n<p>En los allanamientos se encontraron dos computadores de integrantes del Servicio Penitenciario Federal con cinco terabytes de memoria en donde se logr\u00f3 determinar este sistema que la propia banda ilegal denominaba \u00abde alambrado\u00bb dentro de Ezeiza.<\/p>\n\n\n\n<p>La medida fue dispuesta en el marco de la causa de espionaje ilegal del que fueron v\u00edctimas la propia Cristina Kirchner y tambi\u00e9n funcionarios del macrismo, como Horacio Rodr\u00edguez Larreta. En los pabellones que fueron allanados estuvieron en alg\u00fan momento detenidos el ex vicepresidente Amado Boudou, tambi\u00e9n Carlos Zannini, y los empresarios Cristobal Lopez y Fabi\u00e1n De Sousa.<\/p>\n\n\n\n<p>El espionaje en las celdas fue denunciado ante la ONU\u00a0por el abogado\u00a0Alejandro R\u00faa, defensor de ex altos funcionarios del gobierno kirchnerista que fueron detenidos y alojados en Ezeiza. D\u00edas atr\u00e1s, R\u00faa ampli\u00f3 la denuncia en la que se describe una estructura de espionaje ilegal seg\u00fan los testimonios hasta ahora recabados en la causa.<\/p>\n","protected":false},"excerpt":{"rendered":"<p>En el marco de la causa que se instruye en el juzgado federal N\u00b01 de Lomas de Zamora a cargo del Juez Federico Villena se produjo un\u00a0allanamiento en el penal de\u00a0Ezeiza\u00a0por supuesto\u00a0espionaje ilegal\u00a0de la Agencia Federal de Inteligencia (AFI) durante el gobierno de Mauricio Macri. El allanamiento tiene lugar en estos momentos y se concentra &hellip;<\/p>\n","protected":false},"author":2,"featured_media":7532,"comment_status":"open","ping_status":"open","sticky":false,"template":"","format":"standard","meta":{"_jetpack_memberships_contains_paid_content":false,"footnotes":"","jetpack_publicize_message":"","jetpack_publicize_feature_enabled":true,"jetpack_social_post_already_shared":true,"jetpack_social_options":{"image_generator_settings":{"template":"highway","default_image_id":0,"font":"","enabled":false},"version":2}},"categories":[50,14],"tags":[],"class_list":["post-7531","post","type-post","status-publish","format-standard","has-post-thumbnail","hentry","category-judiciales","category-politica"],"jetpack_publicize_connections":[],"jetpack_featured_media_url":"https:\/\/portalmovil.com.ar\/wp-content\/uploads\/2020\/06\/pena-de-ezeiza-969437.jpg","jetpack_sharing_enabled":true,"amp_enabled":true,"_links":{"self":[{"href":"https:\/\/portalmovil.com.ar\/index.php\/wp-json\/wp\/v2\/posts\/7531","targetHints":{"allow":["GET"]}}],"collection":[{"href":"https:\/\/portalmovil.com.ar\/index.php\/wp-json\/wp\/v2\/posts"}],"about":[{"href":"https:\/\/portalmovil.com.ar\/index.php\/wp-json\/wp\/v2\/types\/post"}],"author":[{"embeddable":true,"href":"https:\/\/portalmovil.com.ar\/index.php\/wp-json\/wp\/v2\/users\/2"}],"replies":[{"embeddable":true,"href":"https:\/\/portalmovil.com.ar\/index.php\/wp-json\/wp\/v2\/comments?post=7531"}],"version-history":[{"count":1,"href":"https:\/\/portalmovil.com.ar\/index.php\/wp-json\/wp\/v2\/posts\/7531\/revisions"}],"predecessor-version":[{"id":7533,"href":"https:\/\/portalmovil.com.ar\/index.php\/wp-json\/wp\/v2\/posts\/7531\/revisions\/7533"}],"wp:featuredmedia":[{"embeddable":true,"href":"https:\/\/portalmovil.com.ar\/index.php\/wp-json\/wp\/v2\/media\/7532"}],"wp:attachment":[{"href":"https:\/\/portalmovil.com.ar\/index.php\/wp-json\/wp\/v2\/media?parent=7531"}],"wp:term":[{"taxonomy":"category","embeddable":true,"href":"https:\/\/portalmovil.com.ar\/index.php\/wp-json\/wp\/v2\/categories?post=7531"},{"taxonomy":"post_tag","embeddable":true,"href":"https:\/\/portalmovil.com.ar\/index.php\/wp-json\/wp\/v2\/tags?post=7531"}],"curies":[{"name":"wp","href":"https:\/\/api.w.org\/{rel}","templated":true}]}}