{"id":75277,"date":"2023-04-21T17:15:19","date_gmt":"2023-04-21T20:15:19","guid":{"rendered":"https:\/\/portalmovil.com.ar\/?p=75277"},"modified":"2023-04-21T17:15:22","modified_gmt":"2023-04-21T20:15:22","slug":"por-tareas-de-mantenimiento-la-recarga-sube-estara-suspendida-2","status":"publish","type":"post","link":"https:\/\/portalmovil.com.ar\/index.php\/2023\/04\/21\/por-tareas-de-mantenimiento-la-recarga-sube-estara-suspendida-2\/","title":{"rendered":"Por tareas de mantenimiento la recarga SUBE estar\u00e1 suspendida"},"content":{"rendered":"\n<p>Tarjeta SUBE inform\u00f3 a los usuarios que este s\u00e1bado 22 de abril desde las 00 hs y hasta las 7 hs de la madrugada el servicio de recarga y gestiones online estar\u00e1 moment\u00e1neamente suspendido por tareas habituales de mantenimiento.<\/p>\n\n\n\n<p>\u00abIgualmente, quienes cuenten con saldo en su tarjeta podr\u00e1n viajar normalmente en el transporte p\u00fablico durante este per\u00edodo de tiempo\u00bb, informaron, y agregaron que \u00aben caso de no contar con saldo, las personas usuarias tendr\u00e1n disponible el saldo de emergencia de la tarjeta\u00bb.<\/p>\n\n\n\n<p>Adem\u00e1s, se\u00f1alaron que luego de ese breve lapso, necesario para garantizar el correcto funcionamiento del sistema, el servicio volver\u00e1 a la normalidad.<\/p>\n\n\n\n<p>Por \u00faltimo, desde el Sistema SUBE recordaron que se puede recargar la tarjeta, antes o despu\u00e9s de ese horario, en cualquier Punto SUBE, de manera electr\u00f3nica desde la App Carga SUBE o a trav\u00e9s de homebanking.<\/p>\n","protected":false},"excerpt":{"rendered":"<p>Tarjeta SUBE inform\u00f3 a los usuarios que este s\u00e1bado 22 de abril desde las 00 hs y hasta las 7 hs de la madrugada el servicio de recarga y gestiones online estar\u00e1 moment\u00e1neamente suspendido por tareas habituales de mantenimiento. \u00abIgualmente, quienes cuenten con saldo en su tarjeta podr\u00e1n viajar normalmente en el transporte p\u00fablico durante &hellip;<\/p>\n","protected":false},"author":2,"featured_media":51216,"comment_status":"open","ping_status":"open","sticky":false,"template":"","format":"standard","meta":{"_jetpack_memberships_contains_paid_content":false,"footnotes":"","jetpack_publicize_message":"","jetpack_publicize_feature_enabled":true,"jetpack_social_post_already_shared":true,"jetpack_social_options":{"image_generator_settings":{"template":"highway","default_image_id":0,"font":"","enabled":false},"version":2}},"categories":[28],"tags":[],"class_list":["post-75277","post","type-post","status-publish","format-standard","has-post-thumbnail","hentry","category-actualidad"],"jetpack_publicize_connections":[],"jetpack_featured_media_url":"https:\/\/portalmovil.com.ar\/wp-content\/uploads\/2022\/02\/91e482ee-6bfc-4483-bb02-507673c7df3d.jpg","jetpack_sharing_enabled":true,"amp_enabled":true,"_links":{"self":[{"href":"https:\/\/portalmovil.com.ar\/index.php\/wp-json\/wp\/v2\/posts\/75277","targetHints":{"allow":["GET"]}}],"collection":[{"href":"https:\/\/portalmovil.com.ar\/index.php\/wp-json\/wp\/v2\/posts"}],"about":[{"href":"https:\/\/portalmovil.com.ar\/index.php\/wp-json\/wp\/v2\/types\/post"}],"author":[{"embeddable":true,"href":"https:\/\/portalmovil.com.ar\/index.php\/wp-json\/wp\/v2\/users\/2"}],"replies":[{"embeddable":true,"href":"https:\/\/portalmovil.com.ar\/index.php\/wp-json\/wp\/v2\/comments?post=75277"}],"version-history":[{"count":1,"href":"https:\/\/portalmovil.com.ar\/index.php\/wp-json\/wp\/v2\/posts\/75277\/revisions"}],"predecessor-version":[{"id":75278,"href":"https:\/\/portalmovil.com.ar\/index.php\/wp-json\/wp\/v2\/posts\/75277\/revisions\/75278"}],"wp:featuredmedia":[{"embeddable":true,"href":"https:\/\/portalmovil.com.ar\/index.php\/wp-json\/wp\/v2\/media\/51216"}],"wp:attachment":[{"href":"https:\/\/portalmovil.com.ar\/index.php\/wp-json\/wp\/v2\/media?parent=75277"}],"wp:term":[{"taxonomy":"category","embeddable":true,"href":"https:\/\/portalmovil.com.ar\/index.php\/wp-json\/wp\/v2\/categories?post=75277"},{"taxonomy":"post_tag","embeddable":true,"href":"https:\/\/portalmovil.com.ar\/index.php\/wp-json\/wp\/v2\/tags?post=75277"}],"curies":[{"name":"wp","href":"https:\/\/api.w.org\/{rel}","templated":true}]}}