{"id":75249,"date":"2023-04-21T09:00:00","date_gmt":"2023-04-21T12:00:00","guid":{"rendered":"https:\/\/portalmovil.com.ar\/?p=75249"},"modified":"2023-04-21T09:00:04","modified_gmt":"2023-04-21T12:00:04","slug":"operativos-de-prevencion-ciudadana-en-distintas-localidades-chaquenas","status":"publish","type":"post","link":"https:\/\/portalmovil.com.ar\/index.php\/2023\/04\/21\/operativos-de-prevencion-ciudadana-en-distintas-localidades-chaquenas\/","title":{"rendered":"Operativos de prevenci\u00f3n ciudadana en distintas localidades chaque\u00f1as"},"content":{"rendered":"\n<p>Desde las 19 de ayer, respondiendo a los pedidos de vecinos por mayor seguridad,<strong>&nbsp;se realiz\u00f3 un amplio operativo que se cumpli\u00f3 no solo en S\u00e1enz Pe\u00f1a sino que adem\u00e1s se replic\u00f3 en simultaneo en las principales ciudades del interior provincial<\/strong>&nbsp;como&nbsp;<strong>Villa \u00c1ngela, San Mart\u00edn, Charata y Castelli<\/strong>.<\/p>\n\n\n\n<p>All\u00ed, cada uno de los directores de Zona Interior, supervisores y jefes de las Comisarias jurisdiccionales quienes encabezaron la recorrida preventiva con una fuerte presencia policial.<\/p>\n\n\n\n<p>Fueron encabezados por el comisario mayor Manuel Victoriano Silva, director general de Seguridad Interior y comisario Mayor Marcelo Jos\u00e9 Kostecki, director de Operaciones Policiales Interior y siguiendo lineamientos fijados por la Jefatura de Polic\u00eda<strong>\u00a0lanzaron un importante operativo que incluy\u00f3 la totalidad de los m\u00f3viles policiales<\/strong>, y personal disponible, quienes se desplazaron por el microcentro y luego se extendi\u00f3 a las principales calles del ejido perif\u00e9rico.<\/p>\n\n\n\n<p>Este dispositivo,&nbsp;<strong>fue programado para comenzar con un recorrido en conjunto por las principales calles c\u00e9ntricas y desplazarse hacia las zonas m\u00e1s cr\u00edticas y vulnerables donde se registran mayor \u00edndice delictual.<\/strong>&nbsp;Despu\u00e9s de esta primera etapa, se implementaron emplazamientos y puesto de controles fijos y m\u00f3viles en puntos estrat\u00e9gicos de ingreso y egreso, filtrando motocicletas y automotores, donde al margen de verificar documentaciones, condiciones de transitabilidad y la identificaci\u00f3n de personas, se concientiz\u00f3 sobre la exigencia y obligatoriedad del casco de seguridad, autorizaci\u00f3n para conducir, documentaciones a exhibir y evitar el exceso en la capacidad de transporte de motos y autom\u00f3vil.<\/p>\n\n\n\n<p>\u00ab<strong>Luego de realizar un an\u00e1lisis de los \u00faltimos veinte d\u00edas en materia de prevenci\u00f3n y resultados en el interior provincial, se decidi\u00f3 realizar el plan de seguridad ciudadana y en tal sentido se impuls\u00f3 este mega operativo<\/strong>, con miras a sensibilizarse con la problem\u00e1tica social y afianzar la confianza de la ciudadan\u00eda\u00bb, mencion\u00f3 el director general de Seguridad Interior.<\/p>\n\n\n\n<p>Por \u00faltimo, dijeron las autoridades policiales de S\u00e1enz Pe\u00f1a que \u00ab<strong>se esperan inquietudes de la comunidad y se trabaja de manera constante para mejorar el servicio policial<\/strong>\u00ab, aclarando que \u00e9ste, es uno de los tantos operativos importantes que se programan en cortos intervalos.<\/p>\n","protected":false},"excerpt":{"rendered":"<p>Desde las 19 de ayer, respondiendo a los pedidos de vecinos por mayor seguridad,&nbsp;se realiz\u00f3 un amplio operativo que se cumpli\u00f3 no solo en S\u00e1enz Pe\u00f1a sino que adem\u00e1s se replic\u00f3 en simultaneo en las principales ciudades del interior provincial&nbsp;como&nbsp;Villa \u00c1ngela, San Mart\u00edn, Charata y Castelli. All\u00ed, cada uno de los directores de Zona Interior, &hellip;<\/p>\n","protected":false},"author":2,"featured_media":75250,"comment_status":"open","ping_status":"open","sticky":false,"template":"","format":"standard","meta":{"_jetpack_memberships_contains_paid_content":false,"footnotes":"","jetpack_publicize_message":"","jetpack_publicize_feature_enabled":true,"jetpack_social_post_already_shared":true,"jetpack_social_options":{"image_generator_settings":{"template":"highway","default_image_id":0,"font":"","enabled":false},"version":2}},"categories":[5,8],"tags":[],"class_list":["post-75249","post","type-post","status-publish","format-standard","has-post-thumbnail","hentry","category-chaco","category-policiales"],"jetpack_publicize_connections":[],"jetpack_featured_media_url":"https:\/\/portalmovil.com.ar\/wp-content\/uploads\/2023\/04\/572626w850h478c.jpg.webp","jetpack_sharing_enabled":true,"amp_enabled":true,"_links":{"self":[{"href":"https:\/\/portalmovil.com.ar\/index.php\/wp-json\/wp\/v2\/posts\/75249","targetHints":{"allow":["GET"]}}],"collection":[{"href":"https:\/\/portalmovil.com.ar\/index.php\/wp-json\/wp\/v2\/posts"}],"about":[{"href":"https:\/\/portalmovil.com.ar\/index.php\/wp-json\/wp\/v2\/types\/post"}],"author":[{"embeddable":true,"href":"https:\/\/portalmovil.com.ar\/index.php\/wp-json\/wp\/v2\/users\/2"}],"replies":[{"embeddable":true,"href":"https:\/\/portalmovil.com.ar\/index.php\/wp-json\/wp\/v2\/comments?post=75249"}],"version-history":[{"count":2,"href":"https:\/\/portalmovil.com.ar\/index.php\/wp-json\/wp\/v2\/posts\/75249\/revisions"}],"predecessor-version":[{"id":75252,"href":"https:\/\/portalmovil.com.ar\/index.php\/wp-json\/wp\/v2\/posts\/75249\/revisions\/75252"}],"wp:featuredmedia":[{"embeddable":true,"href":"https:\/\/portalmovil.com.ar\/index.php\/wp-json\/wp\/v2\/media\/75250"}],"wp:attachment":[{"href":"https:\/\/portalmovil.com.ar\/index.php\/wp-json\/wp\/v2\/media?parent=75249"}],"wp:term":[{"taxonomy":"category","embeddable":true,"href":"https:\/\/portalmovil.com.ar\/index.php\/wp-json\/wp\/v2\/categories?post=75249"},{"taxonomy":"post_tag","embeddable":true,"href":"https:\/\/portalmovil.com.ar\/index.php\/wp-json\/wp\/v2\/tags?post=75249"}],"curies":[{"name":"wp","href":"https:\/\/api.w.org\/{rel}","templated":true}]}}