{"id":75246,"date":"2023-04-21T08:48:21","date_gmt":"2023-04-21T11:48:21","guid":{"rendered":"https:\/\/portalmovil.com.ar\/?p=75246"},"modified":"2023-04-21T08:48:24","modified_gmt":"2023-04-21T11:48:24","slug":"murio-el-cocinero-guillermo-calabrese-el-exconductor-de-cocineros-argentinos","status":"publish","type":"post","link":"https:\/\/portalmovil.com.ar\/index.php\/2023\/04\/21\/murio-el-cocinero-guillermo-calabrese-el-exconductor-de-cocineros-argentinos\/","title":{"rendered":"Muri\u00f3 el cocinero Guillermo Calabrese, el exconductor de Cocineros Argentinos"},"content":{"rendered":"\n<h3 class=\"wp-block-heading\"><strong>Guillermo Calabrese, famoso por haber sido conductor del ciclo Cocineros argentinos (TV P\u00fablica), muri\u00f3 a los 61 a\u00f1os.<\/strong><\/h3>\n\n\n\n<p><strong>El reconocido chef se sinti\u00f3 mal durante la madrugada de este viernes y fue asistido m\u00e9dicamente en el Hospital Fern\u00e1ndez, el centro de salud en el que finalmente falleci\u00f3 de un paro card\u00edaco.<\/strong><\/p>\n","protected":false},"excerpt":{"rendered":"<p>Guillermo Calabrese, famoso por haber sido conductor del ciclo Cocineros argentinos (TV P\u00fablica), muri\u00f3 a los 61 a\u00f1os. El reconocido chef se sinti\u00f3 mal durante la madrugada de este viernes y fue asistido m\u00e9dicamente en el Hospital Fern\u00e1ndez, el centro de salud en el que finalmente falleci\u00f3 de un paro card\u00edaco.<\/p>\n","protected":false},"author":2,"featured_media":75247,"comment_status":"open","ping_status":"open","sticky":false,"template":"","format":"standard","meta":{"_jetpack_memberships_contains_paid_content":false,"footnotes":"","jetpack_publicize_message":"","jetpack_publicize_feature_enabled":true,"jetpack_social_post_already_shared":true,"jetpack_social_options":{"image_generator_settings":{"template":"highway","default_image_id":0,"font":"","enabled":false},"version":2}},"categories":[28,639],"tags":[],"class_list":["post-75246","post","type-post","status-publish","format-standard","has-post-thumbnail","hentry","category-actualidad","category-argentina"],"jetpack_publicize_connections":[],"jetpack_featured_media_url":"https:\/\/portalmovil.com.ar\/wp-content\/uploads\/2023\/04\/calabrese-2022.jpg","jetpack_sharing_enabled":true,"amp_enabled":true,"_links":{"self":[{"href":"https:\/\/portalmovil.com.ar\/index.php\/wp-json\/wp\/v2\/posts\/75246","targetHints":{"allow":["GET"]}}],"collection":[{"href":"https:\/\/portalmovil.com.ar\/index.php\/wp-json\/wp\/v2\/posts"}],"about":[{"href":"https:\/\/portalmovil.com.ar\/index.php\/wp-json\/wp\/v2\/types\/post"}],"author":[{"embeddable":true,"href":"https:\/\/portalmovil.com.ar\/index.php\/wp-json\/wp\/v2\/users\/2"}],"replies":[{"embeddable":true,"href":"https:\/\/portalmovil.com.ar\/index.php\/wp-json\/wp\/v2\/comments?post=75246"}],"version-history":[{"count":1,"href":"https:\/\/portalmovil.com.ar\/index.php\/wp-json\/wp\/v2\/posts\/75246\/revisions"}],"predecessor-version":[{"id":75248,"href":"https:\/\/portalmovil.com.ar\/index.php\/wp-json\/wp\/v2\/posts\/75246\/revisions\/75248"}],"wp:featuredmedia":[{"embeddable":true,"href":"https:\/\/portalmovil.com.ar\/index.php\/wp-json\/wp\/v2\/media\/75247"}],"wp:attachment":[{"href":"https:\/\/portalmovil.com.ar\/index.php\/wp-json\/wp\/v2\/media?parent=75246"}],"wp:term":[{"taxonomy":"category","embeddable":true,"href":"https:\/\/portalmovil.com.ar\/index.php\/wp-json\/wp\/v2\/categories?post=75246"},{"taxonomy":"post_tag","embeddable":true,"href":"https:\/\/portalmovil.com.ar\/index.php\/wp-json\/wp\/v2\/tags?post=75246"}],"curies":[{"name":"wp","href":"https:\/\/api.w.org\/{rel}","templated":true}]}}