{"id":7523,"date":"2020-06-10T15:35:40","date_gmt":"2020-06-10T18:35:40","guid":{"rendered":"http:\/\/portalmovil.com.ar\/?p=7523"},"modified":"2020-06-10T15:35:44","modified_gmt":"2020-06-10T18:35:44","slug":"fernandez-ante-el-aumento-de-contagios-habria-que-volver-a-la-cuarentena-absoluta","status":"publish","type":"post","link":"https:\/\/portalmovil.com.ar\/index.php\/2020\/06\/10\/fernandez-ante-el-aumento-de-contagios-habria-que-volver-a-la-cuarentena-absoluta\/","title":{"rendered":"Fern\u00e1ndez, ante el aumento de contagios: \u00abHabr\u00eda que volver a la cuarentena absoluta\u00bb"},"content":{"rendered":"\n<p>El presidente Alberto Fern\u00e1ndez se\u00f1al\u00f3 hoy que \u00abtal vez el pico\u00bb de contagios por coronavirus \u00abest\u00e9 ocurriendo\u00bb en este momento, y advirti\u00f3 que \u00abla velocidad que hay hoy es la m\u00e1s alta desde el d\u00eda cero\u00bb de la llegada de la pandemia al pa\u00eds, con lo cual, si se toma en cuenta s\u00f3lo ese criterio, habr\u00eda que \u00abvolver a la cuarentena absoluta\u00bb.<\/p>\n\n\n\n<p>Adem\u00e1s, se\u00f1al\u00f3 que si bien \u00abes leg\u00edtima\u00bb la \u00abpr\u00e9dica y la ansiedad de muchos sectores\u00bb para que se levante la cuarentena, eso \u00abmultiplica el riesgo\u00bb de contagio, que, seg\u00fan el reporte del Ministerio de Salud de esta ma\u00f1ana, registra 1.141 nuevos positivos en las \u00faltimas 24 horas, el n\u00famero m\u00e1s alto desde el primer caso de Covid-19 en el pa\u00eds.<\/p>\n\n\n\n<p>En este sentido, el mandatario sostuvo que no son los n\u00fameros absolutos los que se tienen en cuenta \u00abpara ver en qu\u00e9 lugar de las fases nos ubicamos\u00bb sino que tienen en cuenta \u00abotras cosas\u00bb, y \u00abla velocidad de contagio es una\u00bb.<\/p>\n\n\n\n<p><strong>En este punto, entonces, afirm\u00f3: \u00abLa velocidad de contagios que tenemos hoy es la m\u00e1s alta que hemos tenido desde el d\u00eda cero, con lo cual tendr\u00edamos que estar en la fase uno, la fase uno ser\u00eda la cuarentena absoluta, pero ocurre que hay una pr\u00e9dica y una ansiedad en muchos sectores que es leg\u00edtima y que piden levantar la cuarentena y eso multiplica el riesgo\u00bb, explic\u00f3 en declaraciones a Radio 10.<\/strong><\/p>\n\n\n\n<p>Acerca del pico de contagios, el mandatario aclar\u00f3 que \u00abno se sab\u00eda cu\u00e1ndo llegaba y se demor\u00f3, dec\u00edan que era para mayo y estamos a mediados de junio y el pico tal vez est\u00e9 ocurriendo; no lo sabemos\u00bb.<\/p>\n","protected":false},"excerpt":{"rendered":"<p>El presidente Alberto Fern\u00e1ndez se\u00f1al\u00f3 hoy que \u00abtal vez el pico\u00bb de contagios por coronavirus \u00abest\u00e9 ocurriendo\u00bb en este momento, y advirti\u00f3 que \u00abla velocidad que hay hoy es la m\u00e1s alta desde el d\u00eda cero\u00bb de la llegada de la pandemia al pa\u00eds, con lo cual, si se toma en cuenta s\u00f3lo ese criterio, &hellip;<\/p>\n","protected":false},"author":2,"featured_media":6003,"comment_status":"open","ping_status":"open","sticky":false,"template":"","format":"standard","meta":{"_jetpack_memberships_contains_paid_content":false,"footnotes":"","jetpack_publicize_message":"","jetpack_publicize_feature_enabled":true,"jetpack_social_post_already_shared":true,"jetpack_social_options":{"image_generator_settings":{"template":"highway","default_image_id":0,"font":"","enabled":false},"version":2}},"categories":[14],"tags":[],"class_list":["post-7523","post","type-post","status-publish","format-standard","has-post-thumbnail","hentry","category-politica"],"jetpack_publicize_connections":[],"jetpack_featured_media_url":"https:\/\/portalmovil.com.ar\/wp-content\/uploads\/2020\/05\/alberto-f.jpg","jetpack_sharing_enabled":true,"amp_enabled":true,"_links":{"self":[{"href":"https:\/\/portalmovil.com.ar\/index.php\/wp-json\/wp\/v2\/posts\/7523","targetHints":{"allow":["GET"]}}],"collection":[{"href":"https:\/\/portalmovil.com.ar\/index.php\/wp-json\/wp\/v2\/posts"}],"about":[{"href":"https:\/\/portalmovil.com.ar\/index.php\/wp-json\/wp\/v2\/types\/post"}],"author":[{"embeddable":true,"href":"https:\/\/portalmovil.com.ar\/index.php\/wp-json\/wp\/v2\/users\/2"}],"replies":[{"embeddable":true,"href":"https:\/\/portalmovil.com.ar\/index.php\/wp-json\/wp\/v2\/comments?post=7523"}],"version-history":[{"count":1,"href":"https:\/\/portalmovil.com.ar\/index.php\/wp-json\/wp\/v2\/posts\/7523\/revisions"}],"predecessor-version":[{"id":7524,"href":"https:\/\/portalmovil.com.ar\/index.php\/wp-json\/wp\/v2\/posts\/7523\/revisions\/7524"}],"wp:featuredmedia":[{"embeddable":true,"href":"https:\/\/portalmovil.com.ar\/index.php\/wp-json\/wp\/v2\/media\/6003"}],"wp:attachment":[{"href":"https:\/\/portalmovil.com.ar\/index.php\/wp-json\/wp\/v2\/media?parent=7523"}],"wp:term":[{"taxonomy":"category","embeddable":true,"href":"https:\/\/portalmovil.com.ar\/index.php\/wp-json\/wp\/v2\/categories?post=7523"},{"taxonomy":"post_tag","embeddable":true,"href":"https:\/\/portalmovil.com.ar\/index.php\/wp-json\/wp\/v2\/tags?post=7523"}],"curies":[{"name":"wp","href":"https:\/\/api.w.org\/{rel}","templated":true}]}}