{"id":75212,"date":"2023-04-19T05:12:00","date_gmt":"2023-04-19T08:12:00","guid":{"rendered":"https:\/\/portalmovil.com.ar\/?p=75212"},"modified":"2023-04-20T17:13:42","modified_gmt":"2023-04-20T20:13:42","slug":"exitosa-maraton-en-homenaje-a-los-heroes-de-malvinas-en-barranqueras","status":"publish","type":"post","link":"https:\/\/portalmovil.com.ar\/index.php\/2023\/04\/19\/exitosa-maraton-en-homenaje-a-los-heroes-de-malvinas-en-barranqueras\/","title":{"rendered":"Exitosa marat\u00f3n, en homenaje a los h\u00e9roes de Malvinas en Barranqueras"},"content":{"rendered":"\n<p>\u201cRecordar es seguir manteniendo vivo el honor y la gloria de nuestros h\u00e9roes\u201d, expres\u00f3 la intendente Magda Ayala durante la premiaci\u00f3n de lo que fue la marat\u00f3n en homenaje a los veteranos y ca\u00eddos en la guerra de Malvinas. La misma se desarroll\u00f3 por las calles de la ciudad con un recorrido de 2K y otro de 7K, con el punto de encuentro en plaza 2 de Abril.<\/p>\n\n\n\n<p>Con la participaci\u00f3n de m\u00e1s de 130 atletas en las distintas categor\u00edas, desde ni\u00f1os, j\u00f3venes y adultos, se vivi\u00f3 un encuentro deportivo y en familia. Adem\u00e1s de finalizar la jornada con la entrega de trofeos y medallas, e importantes sorteos.<\/p>\n\n\n\n<p>En el podio de los 7K quedaron en categor\u00eda femenino: Cinthia Soto, Evangelina Defagot y Melisa Moyano, y en categor\u00eda masculino los mejores tiempos estuvieron a cargo de Eduardo Aguirre, Lucas Alfonso y Hern\u00e1n Garc\u00eda.<\/p>\n\n\n\n<p>Una actividad impulsada por la Municipalidad de Barranqueras a trav\u00e9s de la Direcci\u00f3n de Deportes dependiente de la Secretar\u00eda de Desarrollo Social, que cont\u00f3 con el acompa\u00f1amiento de atletas como Blanca Sosa, y distintas instituciones y comercios.<\/p>\n","protected":false},"excerpt":{"rendered":"<p>\u201cRecordar es seguir manteniendo vivo el honor y la gloria de nuestros h\u00e9roes\u201d, expres\u00f3 la intendente Magda Ayala durante la premiaci\u00f3n de lo que fue la marat\u00f3n en homenaje a los veteranos y ca\u00eddos en la guerra de Malvinas. La misma se desarroll\u00f3 por las calles de la ciudad con un recorrido de 2K y &hellip;<\/p>\n","protected":false},"author":2,"featured_media":75213,"comment_status":"open","ping_status":"open","sticky":false,"template":"","format":"standard","meta":{"_jetpack_memberships_contains_paid_content":false,"footnotes":"","jetpack_publicize_message":"","jetpack_publicize_feature_enabled":true,"jetpack_social_post_already_shared":true,"jetpack_social_options":{"image_generator_settings":{"template":"highway","default_image_id":0,"font":"","enabled":false},"version":2}},"categories":[28,5],"tags":[],"class_list":["post-75212","post","type-post","status-publish","format-standard","has-post-thumbnail","hentry","category-actualidad","category-chaco"],"jetpack_publicize_connections":[],"jetpack_featured_media_url":"https:\/\/portalmovil.com.ar\/wp-content\/uploads\/2023\/04\/WhatsApp-Image-2023-04-19-at-9.03.12-AM-1-500x334-1.jpg","jetpack_sharing_enabled":true,"amp_enabled":true,"_links":{"self":[{"href":"https:\/\/portalmovil.com.ar\/index.php\/wp-json\/wp\/v2\/posts\/75212","targetHints":{"allow":["GET"]}}],"collection":[{"href":"https:\/\/portalmovil.com.ar\/index.php\/wp-json\/wp\/v2\/posts"}],"about":[{"href":"https:\/\/portalmovil.com.ar\/index.php\/wp-json\/wp\/v2\/types\/post"}],"author":[{"embeddable":true,"href":"https:\/\/portalmovil.com.ar\/index.php\/wp-json\/wp\/v2\/users\/2"}],"replies":[{"embeddable":true,"href":"https:\/\/portalmovil.com.ar\/index.php\/wp-json\/wp\/v2\/comments?post=75212"}],"version-history":[{"count":1,"href":"https:\/\/portalmovil.com.ar\/index.php\/wp-json\/wp\/v2\/posts\/75212\/revisions"}],"predecessor-version":[{"id":75214,"href":"https:\/\/portalmovil.com.ar\/index.php\/wp-json\/wp\/v2\/posts\/75212\/revisions\/75214"}],"wp:featuredmedia":[{"embeddable":true,"href":"https:\/\/portalmovil.com.ar\/index.php\/wp-json\/wp\/v2\/media\/75213"}],"wp:attachment":[{"href":"https:\/\/portalmovil.com.ar\/index.php\/wp-json\/wp\/v2\/media?parent=75212"}],"wp:term":[{"taxonomy":"category","embeddable":true,"href":"https:\/\/portalmovil.com.ar\/index.php\/wp-json\/wp\/v2\/categories?post=75212"},{"taxonomy":"post_tag","embeddable":true,"href":"https:\/\/portalmovil.com.ar\/index.php\/wp-json\/wp\/v2\/tags?post=75212"}],"curies":[{"name":"wp","href":"https:\/\/api.w.org\/{rel}","templated":true}]}}