{"id":7513,"date":"2020-06-10T01:39:29","date_gmt":"2020-06-10T04:39:29","guid":{"rendered":"http:\/\/portalmovil.com.ar\/?p=7513"},"modified":"2020-06-10T01:39:32","modified_gmt":"2020-06-10T04:39:32","slug":"caso-fontana-4-policias-fueron-detenidos-a-pedido-de-los-derechos-humanos","status":"publish","type":"post","link":"https:\/\/portalmovil.com.ar\/index.php\/2020\/06\/10\/caso-fontana-4-policias-fueron-detenidos-a-pedido-de-los-derechos-humanos\/","title":{"rendered":"Caso Fontana: 4 Polic\u00edas fueron detenidos a pedido de los Derechos Humanos"},"content":{"rendered":"\n<p>Por pedido de la Secretar\u00eda de Derechos Humanos y G\u00e9neros de la Provincia, que desde un primer momento se constituy\u00f3 como querellante, este martes 9 de junio quedaron detenidos cuatro polic\u00edas imputados por privaci\u00f3n ileg\u00edtima de la libertad, vejaciones agravadas y torturas, allanamiento ilegal y apremios en los hechos de p\u00fablico conocimiento ocurridos en Fontana.<\/p>\n\n\n\n<p>Los fiscales subrogantes Sergio C\u00e1ceres Olivera y Lilian Irala, de la Fiscal\u00eda Especial en Derechos Humanos, ordenaron la detenci\u00f3n del oficial subayudante Cristian Eduardo Foschiatti, del sargento Cristian Omar Ben\u00edtez, del cabo Cristian Ariel Flores y del agente Orlando Sergio Cabrera.<\/p>\n\n\n\n<p>La disposici\u00f3n log\u00edstica y las herramientas tecnol\u00f3gicas aportadas por la secretar\u00eda provincial posibilitaron que las declaraciones puedan realizarse por videoconferencia. Las declaraciones de tres de las v\u00edctimas y una testigo fueron fundamentales para reconstruir los hechos y lograr estas primeras detenciones.<\/p>\n\n\n\n<p>\u201cEstamos garantizando un abordaje jur\u00eddico con perspectiva de derechos humanos y de g\u00e9nero, por ello la querella del Estado es clave para terminar con la impunidad y garantizar justicia a las v\u00edctimas\u201d, manifest\u00f3 la subsecretaria de Derechos Humanos, Nayla Bosch, acompa\u00f1ada por el abogado de la secretar\u00eda Kevin Nielsen.<\/p>\n\n\n\n<p>Adem\u00e1s, la cartera provincial pidi\u00f3 que la imputaci\u00f3n formal vaya acompa\u00f1ada de la prisi\u00f3n preventiva ante el riesgo procesal que implica, tanto por peligro de fuga en los delitos graves a los que se le acusa, como por el peligro de entorpecimiento de la investigaci\u00f3n.<\/p>\n\n\n\n<p>La subsecretaria consider\u00f3 que \u201ceste tipo de pr\u00e1cticas no solo violentan los derechos humanos de chaque\u00f1as y chaque\u00f1os, s\u00ed no que desprestigian a las fuerzas de seguridad\u201d, por eso insisti\u00f3 en que \u201ccaer\u00e1 todo el peso de la ley sobre aquellas personas que ejerzan violencia o abusos de poder\u201d, ya que \u201c\u00e9stas pr\u00e1cticas no son toleradas en el Chaco de 2020\u201d.<\/p>\n","protected":false},"excerpt":{"rendered":"<p>Por pedido de la Secretar\u00eda de Derechos Humanos y G\u00e9neros de la Provincia, que desde un primer momento se constituy\u00f3 como querellante, este martes 9 de junio quedaron detenidos cuatro polic\u00edas imputados por privaci\u00f3n ileg\u00edtima de la libertad, vejaciones agravadas y torturas, allanamiento ilegal y apremios en los hechos de p\u00fablico conocimiento ocurridos en Fontana. &hellip;<\/p>\n","protected":false},"author":2,"featured_media":7514,"comment_status":"open","ping_status":"open","sticky":false,"template":"","format":"standard","meta":{"_jetpack_memberships_contains_paid_content":false,"footnotes":"","jetpack_publicize_message":"","jetpack_publicize_feature_enabled":true,"jetpack_social_post_already_shared":true,"jetpack_social_options":{"image_generator_settings":{"template":"highway","default_image_id":0,"font":"","enabled":false},"version":2}},"categories":[8,3],"tags":[],"class_list":["post-7513","post","type-post","status-publish","format-standard","has-post-thumbnail","hentry","category-policiales","category-sociedad"],"jetpack_publicize_connections":[],"jetpack_featured_media_url":"https:\/\/portalmovil.com.ar\/wp-content\/uploads\/2020\/06\/unnamed-6.jpg","jetpack_sharing_enabled":true,"amp_enabled":true,"_links":{"self":[{"href":"https:\/\/portalmovil.com.ar\/index.php\/wp-json\/wp\/v2\/posts\/7513","targetHints":{"allow":["GET"]}}],"collection":[{"href":"https:\/\/portalmovil.com.ar\/index.php\/wp-json\/wp\/v2\/posts"}],"about":[{"href":"https:\/\/portalmovil.com.ar\/index.php\/wp-json\/wp\/v2\/types\/post"}],"author":[{"embeddable":true,"href":"https:\/\/portalmovil.com.ar\/index.php\/wp-json\/wp\/v2\/users\/2"}],"replies":[{"embeddable":true,"href":"https:\/\/portalmovil.com.ar\/index.php\/wp-json\/wp\/v2\/comments?post=7513"}],"version-history":[{"count":1,"href":"https:\/\/portalmovil.com.ar\/index.php\/wp-json\/wp\/v2\/posts\/7513\/revisions"}],"predecessor-version":[{"id":7515,"href":"https:\/\/portalmovil.com.ar\/index.php\/wp-json\/wp\/v2\/posts\/7513\/revisions\/7515"}],"wp:featuredmedia":[{"embeddable":true,"href":"https:\/\/portalmovil.com.ar\/index.php\/wp-json\/wp\/v2\/media\/7514"}],"wp:attachment":[{"href":"https:\/\/portalmovil.com.ar\/index.php\/wp-json\/wp\/v2\/media?parent=7513"}],"wp:term":[{"taxonomy":"category","embeddable":true,"href":"https:\/\/portalmovil.com.ar\/index.php\/wp-json\/wp\/v2\/categories?post=7513"},{"taxonomy":"post_tag","embeddable":true,"href":"https:\/\/portalmovil.com.ar\/index.php\/wp-json\/wp\/v2\/tags?post=7513"}],"curies":[{"name":"wp","href":"https:\/\/api.w.org\/{rel}","templated":true}]}}