{"id":75081,"date":"2023-04-18T08:59:21","date_gmt":"2023-04-18T11:59:21","guid":{"rendered":"https:\/\/portalmovil.com.ar\/?p=75081"},"modified":"2023-04-18T08:59:24","modified_gmt":"2023-04-18T11:59:24","slug":"habilitaron-un-mercado-popular-plazoleta-y-entregaron-titulos-de-propiedad-en-barranqueras","status":"publish","type":"post","link":"https:\/\/portalmovil.com.ar\/index.php\/2023\/04\/18\/habilitaron-un-mercado-popular-plazoleta-y-entregaron-titulos-de-propiedad-en-barranqueras\/","title":{"rendered":"Habilitaron un mercado popular, plazoleta y entregaron t\u00edtulos de propiedad en Barranqueras"},"content":{"rendered":"\n<p>En Barranqueras, el gobernador&nbsp;<strong>Jorge Capitanich inaugur\u00f3 este lunes una plazoleta<\/strong>&nbsp;y un&nbsp;<strong>mercado popular<\/strong>, adem\u00e1s entreg\u00f3&nbsp;<strong>200 t\u00edtulos de propiedad para vecinos de la ciudad y kits de herramientas para emprendimientos locales.<\/strong>&nbsp;Acompa\u00f1ado por la intendente&nbsp;<strong>Magda Ayala<\/strong>, el mandatario destac\u00f3 que \u00ab<strong>el pueblo de Barranqueras cuenta hoy con el mayor nivel de inversi\u00f3n de su historia en materia de infraestructura<\/strong>\u00ab.<\/p>\n\n\n\n<p>\u00ab<strong>Durante muchos a\u00f1os, esta ciudad tuvo en el pasado varios problemas de d\u00e9ficit en su infraestructura p\u00fablica y una crisis fiscal muy importante<\/strong>\u00ab, se\u00f1al\u00f3 el gobernador durante el acto central. Adem\u00e1s, sostuvo que \u00ab<strong>se est\u00e1 desarrollando un plan de obras p\u00fablicas sin precedentes, interviniendo en una pol\u00edtica p\u00fablica de recuperaci\u00f3n de espacios comunes para promover el encuentro<\/strong>\u00ab.<\/p>\n\n\n\n<p>\u00ab<strong>Barranqueras hoy tiene el mayor nivel de inversi\u00f3n de la historia en infraestructura con un plan de 420 cuadras de pavimento, edificios escolares, el hospital, viviendas, y vamos a continuar haciendo obras significativas que mejoren la calidad de vida de la comunidad<\/strong>\u00ab, grafic\u00f3.<\/p>\n\n\n\n<p>En este sentido desde el Ejecutivo comentaron que \u00ab<strong>el proyecto de la plazoleta demand\u00f3 una inversi\u00f3n de $10.746.221, con financiamiento del Instituto de Agricultura Familiar y Econom\u00eda Popular (IAFEP) y un plazo de ejecuci\u00f3n de cuatro meses<\/strong>. Se ubica en el\u00a0<strong>barrio 500 Viviendas<\/strong>, donde se realiz\u00f3 la reconstrucci\u00f3n de veredas principales y perimetrales, la reinstalaci\u00f3n de la iluminaci\u00f3n con 15 farolas LED, kits de juegos infantiles, bancos de maderas, columnas met\u00e1licas, basureros, y se completaron los trabajos con el mejoramiento de canales de desag\u00fces aleda\u00f1os\u00bb.\u00a0<\/p>\n\n\n\n<p>\u00ab<strong>Invertir en un espacio p\u00fablico es impulsar y garantizar la cultura del encuentro y la buena vecindad. Estos espacios sirven para las charlas diarias, la pr\u00e1ctica de deportes, el esparcimiento de los j\u00f3venes, las expresiones art\u00edsticas; y eso significa construir comunidad, lazos, amistad social<\/strong>\u00ab, coment\u00f3 Capitanich, quien en la oportunidad tambi\u00e9n realiz\u00f3 la entrega de 200 t\u00edtulos de propiedad a vecinos y vecinas de la ciudad portuaria, adem\u00e1s de un \u00e1rbol para sus hogares.<\/p>\n\n\n\n<p>La intendente&nbsp;<strong>Magda Ayala<\/strong>&nbsp;agradeci\u00f3 la presencia de los funcionarios provinciales y remarc\u00f3 que \u00ab<strong>estamos muy felices, no solo por estas obras que estamos inaugurando, sino tambi\u00e9n por otras como la pavimentaci\u00f3n de la Avenida Nicol\u00e1s Rojas Acosta pr\u00f3xima a comenzar.<\/strong>&nbsp;Realmente nos ayudan a transformar nuestra localidad, y todo parte gracias a una escucha permanente hacia cada vecino y vecina\u00bb.<\/p>\n\n\n\n<p>Acerca de la entrega de herramientas, la jefa comunal recalc\u00f3 que \u00ab<strong>en Barranqueras existen 115 emprendedores activos, lo cual es producto de un trabajo continuo y coordinado con el Ministerio de Desarrollo Social que vamos a seguir desarrollando. Estas entregas nos ayudan a impulsar el crecimiento de su trabajo, as\u00ed como tambi\u00e9n los diversos financiamientos que facilita, con el fin de apoyar el comercio local<\/strong>\u00ab.<\/p>\n","protected":false},"excerpt":{"rendered":"<p>En Barranqueras, el gobernador&nbsp;Jorge Capitanich inaugur\u00f3 este lunes una plazoleta&nbsp;y un&nbsp;mercado popular, adem\u00e1s entreg\u00f3&nbsp;200 t\u00edtulos de propiedad para vecinos de la ciudad y kits de herramientas para emprendimientos locales.&nbsp;Acompa\u00f1ado por la intendente&nbsp;Magda Ayala, el mandatario destac\u00f3 que \u00abel pueblo de Barranqueras cuenta hoy con el mayor nivel de inversi\u00f3n de su historia en materia de &hellip;<\/p>\n","protected":false},"author":2,"featured_media":75082,"comment_status":"open","ping_status":"open","sticky":false,"template":"","format":"standard","meta":{"_jetpack_memberships_contains_paid_content":false,"footnotes":"","jetpack_publicize_message":"","jetpack_publicize_feature_enabled":true,"jetpack_social_post_already_shared":true,"jetpack_social_options":{"image_generator_settings":{"template":"highway","default_image_id":0,"font":"","enabled":false},"version":2}},"categories":[5,14,12],"tags":[],"class_list":["post-75081","post","type-post","status-publish","format-standard","has-post-thumbnail","hentry","category-chaco","category-politica","category-ultimo"],"jetpack_publicize_connections":[],"jetpack_featured_media_url":"https:\/\/portalmovil.com.ar\/wp-content\/uploads\/2023\/04\/342059031_143846951984669_5988727511369682315_n.jpg","jetpack_sharing_enabled":true,"amp_enabled":true,"_links":{"self":[{"href":"https:\/\/portalmovil.com.ar\/index.php\/wp-json\/wp\/v2\/posts\/75081","targetHints":{"allow":["GET"]}}],"collection":[{"href":"https:\/\/portalmovil.com.ar\/index.php\/wp-json\/wp\/v2\/posts"}],"about":[{"href":"https:\/\/portalmovil.com.ar\/index.php\/wp-json\/wp\/v2\/types\/post"}],"author":[{"embeddable":true,"href":"https:\/\/portalmovil.com.ar\/index.php\/wp-json\/wp\/v2\/users\/2"}],"replies":[{"embeddable":true,"href":"https:\/\/portalmovil.com.ar\/index.php\/wp-json\/wp\/v2\/comments?post=75081"}],"version-history":[{"count":2,"href":"https:\/\/portalmovil.com.ar\/index.php\/wp-json\/wp\/v2\/posts\/75081\/revisions"}],"predecessor-version":[{"id":75084,"href":"https:\/\/portalmovil.com.ar\/index.php\/wp-json\/wp\/v2\/posts\/75081\/revisions\/75084"}],"wp:featuredmedia":[{"embeddable":true,"href":"https:\/\/portalmovil.com.ar\/index.php\/wp-json\/wp\/v2\/media\/75082"}],"wp:attachment":[{"href":"https:\/\/portalmovil.com.ar\/index.php\/wp-json\/wp\/v2\/media?parent=75081"}],"wp:term":[{"taxonomy":"category","embeddable":true,"href":"https:\/\/portalmovil.com.ar\/index.php\/wp-json\/wp\/v2\/categories?post=75081"},{"taxonomy":"post_tag","embeddable":true,"href":"https:\/\/portalmovil.com.ar\/index.php\/wp-json\/wp\/v2\/tags?post=75081"}],"curies":[{"name":"wp","href":"https:\/\/api.w.org\/{rel}","templated":true}]}}