{"id":7506,"date":"2020-06-10T01:14:23","date_gmt":"2020-06-10T04:14:23","guid":{"rendered":"http:\/\/portalmovil.com.ar\/?p=7506"},"modified":"2020-06-10T01:14:26","modified_gmt":"2020-06-10T04:14:26","slug":"la-oms-dice-que-no-se-sabe-si-los-asintomaticos-pueden-contagiar-el-covid-19","status":"publish","type":"post","link":"https:\/\/portalmovil.com.ar\/index.php\/2020\/06\/10\/la-oms-dice-que-no-se-sabe-si-los-asintomaticos-pueden-contagiar-el-covid-19\/","title":{"rendered":"La OMS dice que \u00abno se sabe\u00bb si los asintom\u00e1ticos pueden contagiar el COVID-19"},"content":{"rendered":"\n<p>La\u00a0Organizaci\u00f3n Mundial de la Salud (OMS)\u00a0aport\u00f3 m\u00e1s interrogantes al informar que es\u00a0\u201cmuy inusual\u201d\u00a0que los enfermos asintom\u00e1ticos de\u00a0coronavirus\u00a0contagien. Sin embargo, en apenas 24 horas, el organismo\u00a0pareci\u00f3 dar marcha atr\u00e1s en sus dichos.<\/p>\n\n\n\n<p>Maria Van Kerkhove, jefa de la Unidad de zoonosis y Enfermedades Emergentes de la OMS, particip\u00f3 de una videoconferencia e intent\u00f3 aclarar sus dichos del lunes.<\/p>\n\n\n\n<p>La doctora sostuvo que la propagaci\u00f3n asintom\u00e1tica es una\u00a0\u201ccuesti\u00f3n realmente compleja\u201d\u00a0y que todav\u00eda se desconoce mucho al respecto.\u00a0\u201cEn realidad, todav\u00eda no tenemos esa respuesta\u201d,\u00a0dijo.<\/p>\n\n\n\n<p>Sobre sus argumentos del lunes, durante una conferencia de prensa de la OMS en Ginebra, apunt\u00f3:\u00a0\u201cEstaba respondiendo a una pregunta en la conferencia de prensa. No estaba declarando una pol\u00edtica de la OMS ni nada de eso. S\u00f3lo estaba tratando de articular lo que sabemos\u201d.<\/p>\n\n\n\n<p>\u201cUs\u00e9 la frase \u2018muy raro\u2019, y creo que es un malentendido afirmar que la transmisi\u00f3n asintom\u00e1tica a nivel mundial es muy rara.\u00a0Me refer\u00eda a un peque\u00f1o subconjunto de estudios\u201d, subray\u00f3.<\/p>\n\n\n\n<p>De acuerdo a lo consignado por CNBC, Van Kerkhove detall\u00f3 que los estudios realizados hasta el momento indican que cerca del 16% de la poblaci\u00f3n que contrajo el virus puede ser asintom\u00e1tica. Sin embargo,\u00a0reconoci\u00f3 que otros estudios, que refutan esa idea, sostienen que hasta el 40% de la transmisi\u00f3n global puede ser provocada por asintom\u00e1ticos.<\/p>\n\n\n\n<p>Pese a esos estudios, la doctora reiter\u00f3 que el mayor nivel de transmisi\u00f3n del virus proviene de pacientes con s\u00edntomas. \u201cPero hay un subconjunto de personas que no desarrollan s\u00edntomas. Para entender realmente cu\u00e1ntas personas no tienen s\u00edntomas, no tenemos a\u00fan esa respuesta\u201d, coment\u00f3.<\/p>\n","protected":false},"excerpt":{"rendered":"<p>La\u00a0Organizaci\u00f3n Mundial de la Salud (OMS)\u00a0aport\u00f3 m\u00e1s interrogantes al informar que es\u00a0\u201cmuy inusual\u201d\u00a0que los enfermos asintom\u00e1ticos de\u00a0coronavirus\u00a0contagien. Sin embargo, en apenas 24 horas, el organismo\u00a0pareci\u00f3 dar marcha atr\u00e1s en sus dichos. Maria Van Kerkhove, jefa de la Unidad de zoonosis y Enfermedades Emergentes de la OMS, particip\u00f3 de una videoconferencia e intent\u00f3 aclarar sus dichos &hellip;<\/p>\n","protected":false},"author":2,"featured_media":7507,"comment_status":"open","ping_status":"open","sticky":false,"template":"","format":"standard","meta":{"_jetpack_memberships_contains_paid_content":false,"footnotes":"","jetpack_publicize_message":"","jetpack_publicize_feature_enabled":true,"jetpack_social_post_already_shared":true,"jetpack_social_options":{"image_generator_settings":{"template":"highway","default_image_id":0,"font":"","enabled":false},"version":2}},"categories":[17,12],"tags":[],"class_list":["post-7506","post","type-post","status-publish","format-standard","has-post-thumbnail","hentry","category-mundo","category-ultimo"],"jetpack_publicize_connections":[],"jetpack_featured_media_url":"https:\/\/portalmovil.com.ar\/wp-content\/uploads\/2020\/06\/452929.jpg","jetpack_sharing_enabled":true,"amp_enabled":true,"_links":{"self":[{"href":"https:\/\/portalmovil.com.ar\/index.php\/wp-json\/wp\/v2\/posts\/7506","targetHints":{"allow":["GET"]}}],"collection":[{"href":"https:\/\/portalmovil.com.ar\/index.php\/wp-json\/wp\/v2\/posts"}],"about":[{"href":"https:\/\/portalmovil.com.ar\/index.php\/wp-json\/wp\/v2\/types\/post"}],"author":[{"embeddable":true,"href":"https:\/\/portalmovil.com.ar\/index.php\/wp-json\/wp\/v2\/users\/2"}],"replies":[{"embeddable":true,"href":"https:\/\/portalmovil.com.ar\/index.php\/wp-json\/wp\/v2\/comments?post=7506"}],"version-history":[{"count":1,"href":"https:\/\/portalmovil.com.ar\/index.php\/wp-json\/wp\/v2\/posts\/7506\/revisions"}],"predecessor-version":[{"id":7508,"href":"https:\/\/portalmovil.com.ar\/index.php\/wp-json\/wp\/v2\/posts\/7506\/revisions\/7508"}],"wp:featuredmedia":[{"embeddable":true,"href":"https:\/\/portalmovil.com.ar\/index.php\/wp-json\/wp\/v2\/media\/7507"}],"wp:attachment":[{"href":"https:\/\/portalmovil.com.ar\/index.php\/wp-json\/wp\/v2\/media?parent=7506"}],"wp:term":[{"taxonomy":"category","embeddable":true,"href":"https:\/\/portalmovil.com.ar\/index.php\/wp-json\/wp\/v2\/categories?post=7506"},{"taxonomy":"post_tag","embeddable":true,"href":"https:\/\/portalmovil.com.ar\/index.php\/wp-json\/wp\/v2\/tags?post=7506"}],"curies":[{"name":"wp","href":"https:\/\/api.w.org\/{rel}","templated":true}]}}