{"id":74983,"date":"2023-04-16T19:07:11","date_gmt":"2023-04-16T22:07:11","guid":{"rendered":"https:\/\/portalmovil.com.ar\/?p=74983"},"modified":"2023-04-16T19:07:14","modified_gmt":"2023-04-16T22:07:14","slug":"fiscal-ordeno-desalojar-viviendas-usurpadas-por-originarios-y-la-policia-no-cumplio-la-orden-en-saenz-pena","status":"publish","type":"post","link":"https:\/\/portalmovil.com.ar\/index.php\/2023\/04\/16\/fiscal-ordeno-desalojar-viviendas-usurpadas-por-originarios-y-la-policia-no-cumplio-la-orden-en-saenz-pena\/","title":{"rendered":"Fiscal orden\u00f3 desalojar viviendas usurpadas por originarios y la Polic\u00eda no cumpli\u00f3 la orden en S\u00e1enz Pe\u00f1a"},"content":{"rendered":"\n<p>Se trata de casas del programa PROMUVI del barrio La Salada. El fiscal Marcelo Soto orden\u00f3 el desalojo inmediato, pero la Polic\u00eda no intervino.<\/p>\n\n\n\n<p><strong>Un grupo de personas usurp\u00f3 este domingo por la ma\u00f1ana viviendas del programa PROMUVI, ubicadas en el barrio La Salada de S\u00e1enz Pe\u00f1a, que est\u00e1n pr\u00f3ximas a ser entregadas a sus beneficiarios<\/strong>.\u00a0<\/p>\n\n\n\n<p>Desde el Municipio de la termal pusieron en conocimiento de la situaci\u00f3n a las autoridades competentes, y<strong>&nbsp;el fiscal Marcelo Soto, que interviene en la causa, orden\u00f3 el inmediato desalojo y la detenci\u00f3n de todas las personas que se encontraban en el lugar.<\/strong><\/p>\n\n\n\n<p>Sin embargo,<strong>&nbsp;la Polic\u00eda no acat\u00f3 la orden del fiscal.<\/strong><\/p>\n\n\n\n<p>Asimismo, desde la Municipalidad de S\u00e1enz Pe\u00f1a indicaron que Soto reiter\u00f3 la orden de desalojo, pero desde la Comisar\u00eda local le dijeron que no ten\u00edan autorizaci\u00f3n para intrvenir.<\/p>\n\n\n\n<p>Ante esa situaci\u00f3n, el Fiscal Soto pidi\u00f3 dejar constancia de que \u00e9l hab\u00eda ordenado en dos ocasiones el desalojo, y que iniciar\u00eda las actuaciones administrativas para que se informe por qu\u00e9 la Polic\u00eda no acat\u00f3 la orden judicial.&nbsp;<\/p>\n\n\n\n<figure class=\"wp-block-image size-large\"><img loading=\"lazy\" decoding=\"async\" width=\"1024\" height=\"577\" src=\"https:\/\/portalmovil.com.ar\/wp-content\/uploads\/2023\/04\/multimedia.normal.870096a8a84ddcd4.76697669656e646173757375727061646173315f6e6f726d616c2e77656270-1024x577.webp\" alt=\"\" class=\"wp-image-74984\" srcset=\"https:\/\/portalmovil.com.ar\/wp-content\/uploads\/2023\/04\/multimedia.normal.870096a8a84ddcd4.76697669656e646173757375727061646173315f6e6f726d616c2e77656270-1024x577.webp 1024w, https:\/\/portalmovil.com.ar\/wp-content\/uploads\/2023\/04\/multimedia.normal.870096a8a84ddcd4.76697669656e646173757375727061646173315f6e6f726d616c2e77656270-300x169.webp 300w, https:\/\/portalmovil.com.ar\/wp-content\/uploads\/2023\/04\/multimedia.normal.870096a8a84ddcd4.76697669656e646173757375727061646173315f6e6f726d616c2e77656270-768x433.webp 768w, https:\/\/portalmovil.com.ar\/wp-content\/uploads\/2023\/04\/multimedia.normal.870096a8a84ddcd4.76697669656e646173757375727061646173315f6e6f726d616c2e77656270.webp 1200w\" sizes=\"auto, (max-width: 1024px) 100vw, 1024px\" \/><\/figure>\n\n\n\n<p>Por su parte el procurador General, Jorge Canteros, confirm\u00f3 que el fiscal Marcelo Soto procedi\u00f3 correctamente ante la situaci\u00f3n.&nbsp;<\/p>\n\n\n\n<h3 class=\"wp-block-heading\">PODR\u00cdAN ENVIAR M\u00c1S FUERZAS DE SEGURIDAD<\/h3>\n\n\n\n<p>Por otro lado, desde el municipio indicaron que se comunicaron que el Ministerio de Seguridad de la provincia y se recibi\u00f3 el compromiso de que enviar\u00edan a las fuerzas e incluso Gendarmer\u00eda, en funci\u00f3n del convenio con Naci\u00f3n, para proceder al desalojo.<\/p>\n\n\n\n<p>Posteriormente, el subsecretario de Gobierno municipal Rafael Acu\u00f1a mantuvo contacto telef\u00f3nico con el Jefe del Escuadr\u00f3n de Gendarmeria para corroborar si hubo comunicaci\u00f3n por parte del Ministerio de Seguridad de la provincia, obteniendo como respuesta que hasta el momento no recibieron notificaci\u00f3n alguna al respecto.<\/p>\n\n\n\n<figure class=\"wp-block-image size-large\"><img loading=\"lazy\" decoding=\"async\" width=\"576\" height=\"1024\" src=\"https:\/\/portalmovil.com.ar\/wp-content\/uploads\/2023\/04\/IMG-20230416-WA0181-576x1024.jpg\" alt=\"\" class=\"wp-image-74985\" srcset=\"https:\/\/portalmovil.com.ar\/wp-content\/uploads\/2023\/04\/IMG-20230416-WA0181-576x1024.jpg 576w, https:\/\/portalmovil.com.ar\/wp-content\/uploads\/2023\/04\/IMG-20230416-WA0181-169x300.jpg 169w, https:\/\/portalmovil.com.ar\/wp-content\/uploads\/2023\/04\/IMG-20230416-WA0181-768x1366.jpg 768w, https:\/\/portalmovil.com.ar\/wp-content\/uploads\/2023\/04\/IMG-20230416-WA0181-864x1536.jpg 864w, https:\/\/portalmovil.com.ar\/wp-content\/uploads\/2023\/04\/IMG-20230416-WA0181.jpg 899w\" sizes=\"auto, (max-width: 576px) 100vw, 576px\" \/><\/figure>\n\n\n\n<p>Por \u00faltimo, desde el Municipio de S\u00e1enz Pe\u00f1a indicaron que se est\u00e1 gestionando ante el Gobierno Provincial las acciones pertinentes, con el objetivo de que las autoridades correspondientes act\u00faen en consecuencia para que estas personas dependan su accionar y las viviendas sean desalojadas.<\/p>\n","protected":false},"excerpt":{"rendered":"<p>Se trata de casas del programa PROMUVI del barrio La Salada. El fiscal Marcelo Soto orden\u00f3 el desalojo inmediato, pero la Polic\u00eda no intervino. Un grupo de personas usurp\u00f3 este domingo por la ma\u00f1ana viviendas del programa PROMUVI, ubicadas en el barrio La Salada de S\u00e1enz Pe\u00f1a, que est\u00e1n pr\u00f3ximas a ser entregadas a sus &hellip;<\/p>\n","protected":false},"author":2,"featured_media":74986,"comment_status":"open","ping_status":"open","sticky":false,"template":"","format":"standard","meta":{"_jetpack_memberships_contains_paid_content":false,"footnotes":"","jetpack_publicize_message":"","jetpack_publicize_feature_enabled":true,"jetpack_social_post_already_shared":true,"jetpack_social_options":{"image_generator_settings":{"template":"highway","default_image_id":0,"font":"","enabled":false},"version":2}},"categories":[5,8],"tags":[],"class_list":["post-74983","post","type-post","status-publish","format-standard","has-post-thumbnail","hentry","category-chaco","category-policiales"],"jetpack_publicize_connections":[],"jetpack_featured_media_url":"https:\/\/portalmovil.com.ar\/wp-content\/uploads\/2023\/04\/IMG-20230416-WA0177.jpg","jetpack_sharing_enabled":true,"amp_enabled":true,"_links":{"self":[{"href":"https:\/\/portalmovil.com.ar\/index.php\/wp-json\/wp\/v2\/posts\/74983","targetHints":{"allow":["GET"]}}],"collection":[{"href":"https:\/\/portalmovil.com.ar\/index.php\/wp-json\/wp\/v2\/posts"}],"about":[{"href":"https:\/\/portalmovil.com.ar\/index.php\/wp-json\/wp\/v2\/types\/post"}],"author":[{"embeddable":true,"href":"https:\/\/portalmovil.com.ar\/index.php\/wp-json\/wp\/v2\/users\/2"}],"replies":[{"embeddable":true,"href":"https:\/\/portalmovil.com.ar\/index.php\/wp-json\/wp\/v2\/comments?post=74983"}],"version-history":[{"count":1,"href":"https:\/\/portalmovil.com.ar\/index.php\/wp-json\/wp\/v2\/posts\/74983\/revisions"}],"predecessor-version":[{"id":74987,"href":"https:\/\/portalmovil.com.ar\/index.php\/wp-json\/wp\/v2\/posts\/74983\/revisions\/74987"}],"wp:featuredmedia":[{"embeddable":true,"href":"https:\/\/portalmovil.com.ar\/index.php\/wp-json\/wp\/v2\/media\/74986"}],"wp:attachment":[{"href":"https:\/\/portalmovil.com.ar\/index.php\/wp-json\/wp\/v2\/media?parent=74983"}],"wp:term":[{"taxonomy":"category","embeddable":true,"href":"https:\/\/portalmovil.com.ar\/index.php\/wp-json\/wp\/v2\/categories?post=74983"},{"taxonomy":"post_tag","embeddable":true,"href":"https:\/\/portalmovil.com.ar\/index.php\/wp-json\/wp\/v2\/tags?post=74983"}],"curies":[{"name":"wp","href":"https:\/\/api.w.org\/{rel}","templated":true}]}}