{"id":74979,"date":"2023-04-15T23:35:39","date_gmt":"2023-04-16T02:35:39","guid":{"rendered":"https:\/\/portalmovil.com.ar\/?p=74979"},"modified":"2023-04-15T23:35:43","modified_gmt":"2023-04-16T02:35:43","slug":"aida-ayala-sera-precandidata-a-intendente-de-resistencia-tras-sellar-acuerdo-con-polini","status":"publish","type":"post","link":"https:\/\/portalmovil.com.ar\/index.php\/2023\/04\/15\/aida-ayala-sera-precandidata-a-intendente-de-resistencia-tras-sellar-acuerdo-con-polini\/","title":{"rendered":"A\u00edda Ayala ser\u00e1 precandidata a intendente de Resistencia tras sellar acuerdo con Polini"},"content":{"rendered":"\n<p>La exintendente sell\u00f3 un acuerdo con Juan Carlos Polini para competir en las pr\u00f3ximas elecciones. El precandidato \u00abdistinto\u00bb tambi\u00e9n sum\u00f3 a Bruno Cipollini.<\/p>\n\n\n\n<p>Los movimientos de la UCR del Chaco Convergencia Social, Nuevo Espacio Abierto (NEA), Evoluci\u00f3n y un sector de Somos Parte ratificaron el acompa\u00f1amiento a Juan Carlos Polini como precandidato a gobernador del Chaco. Tras la confirmaci\u00f3n del acompa\u00f1amiento del intendente de Presidencia Roque S\u00e1enz Pe\u00f1a Bruno Cipolini, en las \u00faltimas horas\u00a0se confirm\u00f3 que la ingeniera A\u00edda Ayala ser\u00e1 la candidata a intendente por la ciudad de Resistencia.<\/p>\n\n\n\n<p>Juan Carlos Polini se\u00f1al\u00f3 que&nbsp;<strong>\u201cme siento muy honrado de que la ingeniera A\u00edda Ayala haya decidido acompa\u00f1arnos en este gran desaf\u00edo que representa transformar el Chaco<\/strong>, y en ese contexto recuperar esa Resistencia ordenada, limpia, segura, iluminada, inclusiva, que acompa\u00f1aba a los emprendedores y valorizaba el arte y la cultura que ten\u00edamos cuando gobernaba A\u00edda, es una muy buena noticia para los vecinos que necesitan volver a ser escuchados, comprendidos y contenidos,&nbsp;<strong>A\u00edda representa la posibilidad de volver a sentirnos orgullosos de Resistencia\u201d.<\/strong><\/p>\n\n\n\n<p>about:blank<\/p>\n\n\n\n<p>Por si parte, respecto de Bruno Cipolini, Polini se\u00f1al\u00f3 que \u00ablleva adelante una gesti\u00f3n exitosa que ha logrado continuar un proceso de transformaci\u00f3n iniciado por Carim Peche, continuado por Gerardo Cipolini y ahora Bruno, una ciudad que no para de crecer, de ofrecer oportunidades, se ha convertido en un referente para la regi\u00f3n, es un ejemplo de lo que queremos hacer en la provincia, gobernar con austeridad, transparencia, orden, garantizando pol\u00edticas p\u00fablicas que permitan darle a los chaque\u00f1os una buena calidad de vida\u201d<\/p>\n","protected":false},"excerpt":{"rendered":"<p>La exintendente sell\u00f3 un acuerdo con Juan Carlos Polini para competir en las pr\u00f3ximas elecciones. El precandidato \u00abdistinto\u00bb tambi\u00e9n sum\u00f3 a Bruno Cipollini. Los movimientos de la UCR del Chaco Convergencia Social, Nuevo Espacio Abierto (NEA), Evoluci\u00f3n y un sector de Somos Parte ratificaron el acompa\u00f1amiento a Juan Carlos Polini como precandidato a gobernador del &hellip;<\/p>\n","protected":false},"author":2,"featured_media":74980,"comment_status":"open","ping_status":"open","sticky":false,"template":"","format":"standard","meta":{"_jetpack_memberships_contains_paid_content":false,"footnotes":"","jetpack_publicize_message":"","jetpack_publicize_feature_enabled":true,"jetpack_social_post_already_shared":true,"jetpack_social_options":{"image_generator_settings":{"template":"highway","default_image_id":0,"font":"","enabled":false},"version":2}},"categories":[5,14],"tags":[],"class_list":["post-74979","post","type-post","status-publish","format-standard","has-post-thumbnail","hentry","category-chaco","category-politica"],"jetpack_publicize_connections":[],"jetpack_featured_media_url":"https:\/\/portalmovil.com.ar\/wp-content\/uploads\/2023\/04\/IMG-20230415-WA0124.jpg","jetpack_sharing_enabled":true,"amp_enabled":true,"_links":{"self":[{"href":"https:\/\/portalmovil.com.ar\/index.php\/wp-json\/wp\/v2\/posts\/74979","targetHints":{"allow":["GET"]}}],"collection":[{"href":"https:\/\/portalmovil.com.ar\/index.php\/wp-json\/wp\/v2\/posts"}],"about":[{"href":"https:\/\/portalmovil.com.ar\/index.php\/wp-json\/wp\/v2\/types\/post"}],"author":[{"embeddable":true,"href":"https:\/\/portalmovil.com.ar\/index.php\/wp-json\/wp\/v2\/users\/2"}],"replies":[{"embeddable":true,"href":"https:\/\/portalmovil.com.ar\/index.php\/wp-json\/wp\/v2\/comments?post=74979"}],"version-history":[{"count":1,"href":"https:\/\/portalmovil.com.ar\/index.php\/wp-json\/wp\/v2\/posts\/74979\/revisions"}],"predecessor-version":[{"id":74981,"href":"https:\/\/portalmovil.com.ar\/index.php\/wp-json\/wp\/v2\/posts\/74979\/revisions\/74981"}],"wp:featuredmedia":[{"embeddable":true,"href":"https:\/\/portalmovil.com.ar\/index.php\/wp-json\/wp\/v2\/media\/74980"}],"wp:attachment":[{"href":"https:\/\/portalmovil.com.ar\/index.php\/wp-json\/wp\/v2\/media?parent=74979"}],"wp:term":[{"taxonomy":"category","embeddable":true,"href":"https:\/\/portalmovil.com.ar\/index.php\/wp-json\/wp\/v2\/categories?post=74979"},{"taxonomy":"post_tag","embeddable":true,"href":"https:\/\/portalmovil.com.ar\/index.php\/wp-json\/wp\/v2\/tags?post=74979"}],"curies":[{"name":"wp","href":"https:\/\/api.w.org\/{rel}","templated":true}]}}