{"id":74765,"date":"2023-04-11T08:49:00","date_gmt":"2023-04-11T11:49:00","guid":{"rendered":"https:\/\/portalmovil.com.ar\/?p=74765"},"modified":"2023-04-11T20:52:28","modified_gmt":"2023-04-11T23:52:28","slug":"el-gobierno-anuncio-un-aumento-del-35-en-la-tarjeta-alimentar","status":"publish","type":"post","link":"https:\/\/portalmovil.com.ar\/index.php\/2023\/04\/11\/el-gobierno-anuncio-un-aumento-del-35-en-la-tarjeta-alimentar\/","title":{"rendered":"El Gobierno anunci\u00f3 un aumento del 35% en la Tarjeta Alimentar"},"content":{"rendered":"\n<p>La medida, que alcanza a cuatro millones de ni\u00f1os y adolescentes &#8211; que se aplicar\u00e1 en el mes de mayo y tendr\u00e1 dos nuevas actualizaciones trimestrales en 2023 &#8211; fue anunciada este martes en la tarde noche al t\u00e9rmino de una reuni\u00f3n que encabez\u00f3 el presidente Alberto Fern\u00e1ndez en la Residencia de Olivos junto a Sergio Massa y Victoria Tolosa Paz.<\/p>\n\n\n\n<p>De esta forma, subir\u00e1n los montos de la prestaci\u00f3n para las familias con hijas e hijos de hasta 14 a\u00f1os que reciben la Asignaci\u00f3n Universal por Hijo (AUH), la Asignaci\u00f3n Universal por Hijo con Discapacidad, la Asignaci\u00f3n por Embarazo o la Pensi\u00f3n Contributiva para madre de 7 o m\u00e1s hijos\/as.<\/p>\n\n\n\n<p>La medida, que alcanza a casi 2.500.000 titulares y tiene un impacto en 4.000.0000 de ni\u00f1os, ni\u00f1as y adolescentes, fue anunciada al t\u00e9rmino de una reuni\u00f3n que encabez\u00f3 el presidente Alberto Fern\u00e1ndez en la Residencia de Olivos junto al ministro de Econom\u00eda, Sergio Massa, y la ministra de Desarrollo Social, Victoria Tolosa Paz, con el \u201cobjetivo de reforzar la seguridad alimentaria\u201d, asegur\u00f3 un comunicado oficial.<\/p>\n\n\n\n<p><strong>Cu\u00e1les son los nuevos montos<\/strong><\/p>\n\n\n\n<ul class=\"wp-block-list\">\n<li>Familias con un hijo\/a de 0 a 14 a\u00f1os que perciban Asignaci\u00f3n Universal por Hijo, Asignaci\u00f3n Universal por Hijo con Discapacidad, Asignaci\u00f3n por Embarazo o Pensi\u00f3n para madre de 7 o m\u00e1s hijos\/as: $ 17.000<\/li>\n\n\n\n<li>Familias con dos hijos\/as de 0 a 14 a\u00f1os que perciban Asignaci\u00f3n Universal por Hijo, Asignaci\u00f3n Universal por Hijo con Discapacidad o Pensi\u00f3n para madre de 7 o m\u00e1s hijos\/as: $ 26.000<\/li>\n\n\n\n<li>Familias con tres hijos o m\u00e1s de 0 a 14 a\u00f1os de edad que perciban Asignaci\u00f3n Universal por Hijo, Asignaci\u00f3n Universal por Hijo con Discapacidad o Pensi\u00f3n para madre de 7 o m\u00e1s hijos\/as.: $ 34.000<\/li>\n<\/ul>\n\n\n\n<p>Con estas medidas, la inversi\u00f3n del Estado para la seguridad alimentaria de ni\u00f1as, ni\u00f1os y adolescentes en lo que resta de 2023 se incrementa en $ 121.000 millones.<\/p>\n\n\n\n<p><strong>Qu\u00e9 es la Tarjeta Alimentar<\/strong><\/p>\n\n\n\n<p>Es un instrumento que entrega el Estado para la seguridad alimentaria de ni\u00f1as, ni\u00f1os y adolescentes de 0 a 14 a\u00f1os. Alcanza a 2.458.238 titulares, llegando as\u00ed a 4 millones de ni\u00f1as, ni\u00f1os y adolescentes. Permite comprar todo tipo de alimentos, a excepci\u00f3n de bebidas alcoh\u00f3licas.<\/p>\n\n\n\n<p><strong>\u00bfQui\u00e9nes la reciben?<\/strong><\/p>\n\n\n\n<ul class=\"wp-block-list\">\n<li>Adultos con hijas e hijos de hasta catorce a\u00f1os que est\u00e9n percibiendo la Asignaci\u00f3n Universal por Hijo (AUH).<\/li>\n\n\n\n<li>Personas embarazadas a partir de los tres meses de gestaci\u00f3n que perciban la asignaci\u00f3n por embarazo.<\/li>\n\n\n\n<li>Personas con discapacidad que perciben AUH.<\/li>\n\n\n\n<li>Madres con siete o m\u00e1s hijos que perciben Pensiones No Contributivas.<\/li>\n<\/ul>\n","protected":false},"excerpt":{"rendered":"<p>La medida, que alcanza a cuatro millones de ni\u00f1os y adolescentes &#8211; que se aplicar\u00e1 en el mes de mayo y tendr\u00e1 dos nuevas actualizaciones trimestrales en 2023 &#8211; fue anunciada este martes en la tarde noche al t\u00e9rmino de una reuni\u00f3n que encabez\u00f3 el presidente Alberto Fern\u00e1ndez en la Residencia de Olivos junto a &hellip;<\/p>\n","protected":false},"author":2,"featured_media":74766,"comment_status":"open","ping_status":"open","sticky":false,"template":"","format":"standard","meta":{"_jetpack_memberships_contains_paid_content":false,"footnotes":"","jetpack_publicize_message":"","jetpack_publicize_feature_enabled":true,"jetpack_social_post_already_shared":true,"jetpack_social_options":{"image_generator_settings":{"template":"highway","default_image_id":0,"font":"","enabled":false},"version":2}},"categories":[639,12],"tags":[],"class_list":["post-74765","post","type-post","status-publish","format-standard","has-post-thumbnail","hentry","category-argentina","category-ultimo"],"jetpack_publicize_connections":[],"jetpack_featured_media_url":"https:\/\/portalmovil.com.ar\/wp-content\/uploads\/2023\/04\/TarjetaAlimentar-455-696x497-1.jpg","jetpack_sharing_enabled":true,"amp_enabled":true,"_links":{"self":[{"href":"https:\/\/portalmovil.com.ar\/index.php\/wp-json\/wp\/v2\/posts\/74765","targetHints":{"allow":["GET"]}}],"collection":[{"href":"https:\/\/portalmovil.com.ar\/index.php\/wp-json\/wp\/v2\/posts"}],"about":[{"href":"https:\/\/portalmovil.com.ar\/index.php\/wp-json\/wp\/v2\/types\/post"}],"author":[{"embeddable":true,"href":"https:\/\/portalmovil.com.ar\/index.php\/wp-json\/wp\/v2\/users\/2"}],"replies":[{"embeddable":true,"href":"https:\/\/portalmovil.com.ar\/index.php\/wp-json\/wp\/v2\/comments?post=74765"}],"version-history":[{"count":1,"href":"https:\/\/portalmovil.com.ar\/index.php\/wp-json\/wp\/v2\/posts\/74765\/revisions"}],"predecessor-version":[{"id":74767,"href":"https:\/\/portalmovil.com.ar\/index.php\/wp-json\/wp\/v2\/posts\/74765\/revisions\/74767"}],"wp:featuredmedia":[{"embeddable":true,"href":"https:\/\/portalmovil.com.ar\/index.php\/wp-json\/wp\/v2\/media\/74766"}],"wp:attachment":[{"href":"https:\/\/portalmovil.com.ar\/index.php\/wp-json\/wp\/v2\/media?parent=74765"}],"wp:term":[{"taxonomy":"category","embeddable":true,"href":"https:\/\/portalmovil.com.ar\/index.php\/wp-json\/wp\/v2\/categories?post=74765"},{"taxonomy":"post_tag","embeddable":true,"href":"https:\/\/portalmovil.com.ar\/index.php\/wp-json\/wp\/v2\/tags?post=74765"}],"curies":[{"name":"wp","href":"https:\/\/api.w.org\/{rel}","templated":true}]}}