{"id":7472,"date":"2020-06-09T01:25:46","date_gmt":"2020-06-09T04:25:46","guid":{"rendered":"http:\/\/portalmovil.com.ar\/?p=7472"},"modified":"2020-06-09T01:25:51","modified_gmt":"2020-06-09T04:25:51","slug":"capitanich-recorrio-el-hospital-modular-a-punto-de-ser-habilitado","status":"publish","type":"post","link":"https:\/\/portalmovil.com.ar\/index.php\/2020\/06\/09\/capitanich-recorrio-el-hospital-modular-a-punto-de-ser-habilitado\/","title":{"rendered":"Capitanich recorri\u00f3 el hospital modular, a punto de ser habilitado"},"content":{"rendered":"\n<p>El gobernador Jorge Capitanich recorri\u00f3 en la noche de este lunes el hospital modular de emergencia, en el predio del Hospital Perrando, lugar al que comenz\u00f3 a llegar el equipamiento necesario para su funcionamiento. Junto a la ministra de Salud P\u00fablica, Paola Ben\u00edtez&nbsp;y al ministro de Infraestructura, Juan Manuel Carreras, anunci\u00f3 que el lugar contar\u00e1 con 76 camas equipadas con toda la tecnolog\u00eda en respiradores y equipos de ox\u00edgeno.<\/p>\n\n\n\n<p>\u201cPodemos tener una muy buena atenci\u00f3n para pacientes COVID-19\u201d, afirm\u00f3 el mandatario y dijo que, en estos d\u00edas, los equipos tendr\u00e1n un per\u00edodo de pruebas.<\/p>\n\n\n\n<p>El equipamiento recibido consiste en\u00a0camas para terapia intensiva y\u00a0para internaci\u00f3n com\u00fan, adem\u00e1s de\u00a015 respiradores.\u00a0\u201cCon satisfacci\u00f3n observamos que el hospital modular est\u00e1 en condiciones de funcionamiento\u201d, destac\u00f3.<\/p>\n\n\n\n<p>El gobernador record\u00f3 que en este momento hay 39 personas con diagn\u00f3stico positivo de COVID-19 internadas en el Hospital Perrando, 30 de ellas en la Pastilla 6 y las dem\u00e1s en otros espacios.<\/p>\n\n\n\n<figure class=\"wp-block-image\"><img decoding=\"async\" src=\"http:\/\/agenciafoco.com.ar\/media\/cache\/quality\/uploads\/noticias\/5eded6abd11c3936210598.jpeg\" alt=\"\"\/><\/figure>\n\n\n\n<p>\u201cVamos a completar el equipamiento de 24 respiradores y la totalidad de dotaci\u00f3n de las camas.\u00a0Luego del per\u00edodo de pruebas, vamos a estar en \u00f3ptimas condiciones para atender la demanda de pacientes con COVID-19\u201d, expuso el mandatario.<\/p>\n\n\n\n<p>Luego de recordar que la provincia, en sucesivas etapas, terminar\u00e1 por recibir 67 nuevos respiradores, destac\u00f3 la inversi\u00f3n significativa cercana a\u00a0100 millones de pesos\u00a0con distintas modalidades de aportes, para ampliar y mejorar la infraestructura sanitaria en la provincia.\u00a0\u201cEs un esfuerzo extraordinario\u201d,\u00a0afirm\u00f3.<\/p>\n\n\n\n<p>Esta nueva unidad modular tiene una superficie de 1100 m2, y permitir\u00e1 sumar 76 camas para ampliar la capacidad de respuesta frente a la pandemia, destinadas una parte a cuidados intensivos y otras dispondr\u00e1n de oxigenoterapia para el tratamiento de pacientes con insuficiencia respiratoria y para internaci\u00f3n. La obra fue financiada por la ONU a trav\u00e9s del Gobierno Nacional.<\/p>\n\n\n\n<h3 class=\"wp-block-heading\">\u201cHay que mejorar los niveles de atenci\u00f3n\u201d<\/h3>\n\n\n\n<figure class=\"wp-block-image\"><img decoding=\"async\" src=\"http:\/\/agenciafoco.com.ar\/media\/cache\/quality\/uploads\/noticias\/5ededd8744f44120001815.jpg\" alt=\"\"\/><\/figure>\n\n\n\n<p>En otro punto, el gobernador puso \u00e9nfasis en se\u00f1alar el costo que implica la atenci\u00f3n de un paciente con COVID-19, que puede llegar hasta\u00a0los 40.000 pesos por d\u00eda de internaci\u00f3n\u00a0para un paciente grave, en concepto de medicamentos e insumos.<\/p>\n\n\n\n<p>\u201cEs importante entender que en esta etapa hay que mejorar los niveles de atenci\u00f3n\u201d, sostuvo, y destac\u00f3 el trabajo para la\u00a0detecci\u00f3n precoz de los casos\u00a0a fin de evitar su agravamiento.<\/p>\n\n\n\n<p>\u201cA trav\u00e9s de un mecanismo recomendado por la autoridad sanitaria nacional, vamos a observar en las pr\u00f3ximas 72 horas a pacientes denominados leves para un\u00a0sistema de aislamiento comunitario, en sanatorios privados o espacios asignados como hoteles que cuenten con infraestructura para un seguimiento a trav\u00e9s de un mecanismo de\u00a0vigilia m\u00e9dica permanente. Eso permitir\u00e1 la detecci\u00f3n precoz de la evoluci\u00f3n de la sintomatolog\u00eda, que es mejor que cuando se da en un aislamiento domiciliario individual, donde por m\u00e1s que exista un seguimiento, no se detectan de la forma adecuada\u201d, explic\u00f3.<\/p>\n\n\n\n<p>\u201cEstamos fortaleciendo la capacidad de detecci\u00f3n precoz de casos, para evitar el agravamiento de los s\u00edntomas y trabajamos en una estrategia que nos permita un tratamiento exhaustivo en el seguimiento de casos. Adem\u00e1s, con personal docente y no docente se hace un\u00a0seguimiento de los contactos estrechos, porque la circulaci\u00f3n comunitaria requiere restringir la circulaci\u00f3n de personas\u201d, repas\u00f3. \u00a0<\/p>\n\n\n\n<p>En otro punto, el gobernador resalt\u00f3 que la provincia tiene 25 departamentos y 69 municipios, de los cuales la circulaci\u00f3n comunitaria del virus se concentra s\u00f3lo en un departamento (el San Fernando) y en 4 municipios (Resistencia, Fontana, Barranqueras y Puerto Vilelas\u201d.<\/p>\n\n\n\n<p>\u201cEl \u00e1rea cr\u00edtica est\u00e1 aqu\u00ed y hacemos el m\u00e1ximo esfuerzo para que, en esta etapa, la circulaci\u00f3n comunitaria se morigere.\u00a0Por eso estamos trabajando mucho en bloqueos focales donde hay concentraci\u00f3n de casos a 200 metros de distancia\u201d, revel\u00f3, y mencion\u00f3 a los 363 casos positivos de coronavirus en el sistema sanitario provincial. \u201cPor eso es importante respetar el protocolo con los equipos de protecci\u00f3n personal. No es s\u00f3lo la disponibilidad del equipamiento sino su correcta aplicaci\u00f3n y uso. Y a su vez es muy importante hacer el esfuerzo para vencer al virus\u201d, subray\u00f3.<\/p>\n\n\n\n<p>Por \u00faltimo, el gobernador marc\u00f3 la existencia de \u201cuna diseminaci\u00f3n de casos en el \u00e1rea metropolitana\u201d y enfatiz\u00f3:\u00a0\u201cDebemos ser muy contundentes en la capacidad de bloqueo focal en \u00e1reas espec\u00edficas donde se observa concentraci\u00f3n de contagios a 200 metros de distancia\u201d.<\/p>\n","protected":false},"excerpt":{"rendered":"<p>El gobernador Jorge Capitanich recorri\u00f3 en la noche de este lunes el hospital modular de emergencia, en el predio del Hospital Perrando, lugar al que comenz\u00f3 a llegar el equipamiento necesario para su funcionamiento. Junto a la ministra de Salud P\u00fablica, Paola Ben\u00edtez&nbsp;y al ministro de Infraestructura, Juan Manuel Carreras, anunci\u00f3 que el lugar contar\u00e1 &hellip;<\/p>\n","protected":false},"author":2,"featured_media":7473,"comment_status":"open","ping_status":"open","sticky":false,"template":"","format":"standard","meta":{"_jetpack_memberships_contains_paid_content":false,"footnotes":"","jetpack_publicize_message":"","jetpack_publicize_feature_enabled":true,"jetpack_social_post_already_shared":true,"jetpack_social_options":{"image_generator_settings":{"template":"highway","default_image_id":0,"font":"","enabled":false},"version":2}},"categories":[5,46,12],"tags":[],"class_list":["post-7472","post","type-post","status-publish","format-standard","has-post-thumbnail","hentry","category-chaco","category-salud","category-ultimo"],"jetpack_publicize_connections":[],"jetpack_featured_media_url":"https:\/\/portalmovil.com.ar\/wp-content\/uploads\/2020\/06\/910142.jpg","jetpack_sharing_enabled":true,"amp_enabled":true,"_links":{"self":[{"href":"https:\/\/portalmovil.com.ar\/index.php\/wp-json\/wp\/v2\/posts\/7472","targetHints":{"allow":["GET"]}}],"collection":[{"href":"https:\/\/portalmovil.com.ar\/index.php\/wp-json\/wp\/v2\/posts"}],"about":[{"href":"https:\/\/portalmovil.com.ar\/index.php\/wp-json\/wp\/v2\/types\/post"}],"author":[{"embeddable":true,"href":"https:\/\/portalmovil.com.ar\/index.php\/wp-json\/wp\/v2\/users\/2"}],"replies":[{"embeddable":true,"href":"https:\/\/portalmovil.com.ar\/index.php\/wp-json\/wp\/v2\/comments?post=7472"}],"version-history":[{"count":1,"href":"https:\/\/portalmovil.com.ar\/index.php\/wp-json\/wp\/v2\/posts\/7472\/revisions"}],"predecessor-version":[{"id":7474,"href":"https:\/\/portalmovil.com.ar\/index.php\/wp-json\/wp\/v2\/posts\/7472\/revisions\/7474"}],"wp:featuredmedia":[{"embeddable":true,"href":"https:\/\/portalmovil.com.ar\/index.php\/wp-json\/wp\/v2\/media\/7473"}],"wp:attachment":[{"href":"https:\/\/portalmovil.com.ar\/index.php\/wp-json\/wp\/v2\/media?parent=7472"}],"wp:term":[{"taxonomy":"category","embeddable":true,"href":"https:\/\/portalmovil.com.ar\/index.php\/wp-json\/wp\/v2\/categories?post=7472"},{"taxonomy":"post_tag","embeddable":true,"href":"https:\/\/portalmovil.com.ar\/index.php\/wp-json\/wp\/v2\/tags?post=7472"}],"curies":[{"name":"wp","href":"https:\/\/api.w.org\/{rel}","templated":true}]}}