{"id":74643,"date":"2023-04-10T08:52:18","date_gmt":"2023-04-10T11:52:18","guid":{"rendered":"https:\/\/portalmovil.com.ar\/?p=74643"},"modified":"2023-04-10T08:52:21","modified_gmt":"2023-04-10T11:52:21","slug":"rescatan-a-12-victimas-de-trata-de-personas","status":"publish","type":"post","link":"https:\/\/portalmovil.com.ar\/index.php\/2023\/04\/10\/rescatan-a-12-victimas-de-trata-de-personas\/","title":{"rendered":"Rescatan a 12 v\u00edctimas de trata de personas"},"content":{"rendered":"\n<p>En el marco del \u201cPrograma Nacional de Rescate y Acompa\u00f1amiento a las Personas damnificadas por el delito de Trata de personas\u201d, se recibi\u00f3 una&nbsp;<strong>denuncia a la l\u00ednea 145<\/strong>&nbsp;por una posible situaci\u00f3n de trata de personas. El Juzgado Federal de La Rioja orient\u00f3 la intervenci\u00f3n de Gendarmer\u00eda Nacional.<\/p>\n\n\n\n<p>En la ma\u00f1ana de este domingo, integrantes del \u00abEscuadr\u00f3n 24 \u201cChilecito\u201d, en conjunto con personal de Asistencia a la V\u00edctima de Trata de Personas e integrantes de la Unidad Operativa Federal de la Rioja (Polic\u00eda Federal), procedieron a&nbsp;<strong>registrar siete inmuebles<\/strong>&nbsp;(cinco viviendas y dos fincas) en la localidad de Vichigasta.<\/p>\n\n\n\n<p>Como resultado de las inspecciones, los funcionarios&nbsp;<strong>rescataron a 12 personas<\/strong>&nbsp;(nueve mayores de edad y tres menores), quienes fueron trasladados a la ciudad capital, a fines de ser asistidas. Asimismo, los uniformados&nbsp;<strong>decomisaron dinero en efectivo, nueve tel\u00e9fonos celulares, seis CPU, un pendrive y dem\u00e1s elementos de inter\u00e9s para la causa.<\/strong><\/p>\n\n\n\n<p><strong>Detuvieron a tres ciudadanos<\/strong>&nbsp;en presunta infracci\u00f3n a la Ley N\u00b0 26.364, por disposici\u00f3n de la Fiscal\u00eda Federal de la Primera Instancia de la Rioja.<\/p>\n","protected":false},"excerpt":{"rendered":"<p>En el marco del \u201cPrograma Nacional de Rescate y Acompa\u00f1amiento a las Personas damnificadas por el delito de Trata de personas\u201d, se recibi\u00f3 una&nbsp;denuncia a la l\u00ednea 145&nbsp;por una posible situaci\u00f3n de trata de personas. El Juzgado Federal de La Rioja orient\u00f3 la intervenci\u00f3n de Gendarmer\u00eda Nacional. En la ma\u00f1ana de este domingo, integrantes del &hellip;<\/p>\n","protected":false},"author":2,"featured_media":74644,"comment_status":"open","ping_status":"open","sticky":false,"template":"","format":"standard","meta":{"_jetpack_memberships_contains_paid_content":false,"footnotes":"","jetpack_publicize_message":"","jetpack_publicize_feature_enabled":true,"jetpack_social_post_already_shared":true,"jetpack_social_options":{"image_generator_settings":{"template":"highway","default_image_id":0,"font":"","enabled":false},"version":2}},"categories":[8],"tags":[],"class_list":["post-74643","post","type-post","status-publish","format-standard","has-post-thumbnail","hentry","category-policiales"],"jetpack_publicize_connections":[],"jetpack_featured_media_url":"https:\/\/portalmovil.com.ar\/wp-content\/uploads\/2023\/04\/64330bd6f0e3c893431021.jpg","jetpack_sharing_enabled":true,"amp_enabled":true,"_links":{"self":[{"href":"https:\/\/portalmovil.com.ar\/index.php\/wp-json\/wp\/v2\/posts\/74643","targetHints":{"allow":["GET"]}}],"collection":[{"href":"https:\/\/portalmovil.com.ar\/index.php\/wp-json\/wp\/v2\/posts"}],"about":[{"href":"https:\/\/portalmovil.com.ar\/index.php\/wp-json\/wp\/v2\/types\/post"}],"author":[{"embeddable":true,"href":"https:\/\/portalmovil.com.ar\/index.php\/wp-json\/wp\/v2\/users\/2"}],"replies":[{"embeddable":true,"href":"https:\/\/portalmovil.com.ar\/index.php\/wp-json\/wp\/v2\/comments?post=74643"}],"version-history":[{"count":1,"href":"https:\/\/portalmovil.com.ar\/index.php\/wp-json\/wp\/v2\/posts\/74643\/revisions"}],"predecessor-version":[{"id":74645,"href":"https:\/\/portalmovil.com.ar\/index.php\/wp-json\/wp\/v2\/posts\/74643\/revisions\/74645"}],"wp:featuredmedia":[{"embeddable":true,"href":"https:\/\/portalmovil.com.ar\/index.php\/wp-json\/wp\/v2\/media\/74644"}],"wp:attachment":[{"href":"https:\/\/portalmovil.com.ar\/index.php\/wp-json\/wp\/v2\/media?parent=74643"}],"wp:term":[{"taxonomy":"category","embeddable":true,"href":"https:\/\/portalmovil.com.ar\/index.php\/wp-json\/wp\/v2\/categories?post=74643"},{"taxonomy":"post_tag","embeddable":true,"href":"https:\/\/portalmovil.com.ar\/index.php\/wp-json\/wp\/v2\/tags?post=74643"}],"curies":[{"name":"wp","href":"https:\/\/api.w.org\/{rel}","templated":true}]}}