{"id":74615,"date":"2023-04-07T18:05:00","date_gmt":"2023-04-07T21:05:00","guid":{"rendered":"https:\/\/portalmovil.com.ar\/?p=74615"},"modified":"2023-04-07T18:05:26","modified_gmt":"2023-04-07T21:05:26","slug":"este-sabado-el-municipio-acerca-el-torneo-de-futbol-barrial-por-la-camiseta-a-puerto-vilelas","status":"publish","type":"post","link":"https:\/\/portalmovil.com.ar\/index.php\/2023\/04\/07\/este-sabado-el-municipio-acerca-el-torneo-de-futbol-barrial-por-la-camiseta-a-puerto-vilelas\/","title":{"rendered":"Este s\u00e1bado, el Municipio acerca el torneo de f\u00fatbol barrial \u00abPor la camiseta\u00bb a Puerto Vilelas"},"content":{"rendered":"\n<p>En conferencia de prensa, autoridades de la Municipalidad de Puerto Vilelas y del Instituto del Deporte Chaque\u00f1o, presentaron lo que ser\u00e1 la segunda fecha del torneo de f\u00fatbol barrial \u201cPor la camiseta\u201d, teniendo la segunda fecha este s\u00e1bado 8 en el club San Antonio. La localidad vilelense,, para esta segunda fecha, presentar\u00e1 m\u00e1s de 30 clubes barriales, siendo el horario de inicio a las 8 hasta las 13 horas.<\/p>\n\n\n\n<p>\u201cQuiero agradecer al Gobierno de la provincia por esta mirada distinta y por brindar las herramientas para que puedan trabajar en estos programas que le hacen tanto bien a la comunidad\u201d, fueron las primeras palabras del intendente vilelense V\u00edctor Rea.<\/p>\n\n\n\n<p>En este marco, el jefe comunal destac\u00f3 el fuerte trabajo que desde esta gesti\u00f3n se viene llevando adelante en materia deportiva. \u201cNosotros venimos apostando muy fuerte al deporte, en el cual ya empezamos la construcci\u00f3n del quinto play\u00f3n deportivo, adem\u00e1s de que tenemos proyectado construir la pileta municipal\u201d, remarcando a su vez, \u201cen el club Defensores hicimos y gestionamos una inversi\u00f3n muy importante para que todos los chicos puedan conocer y acceder al deporte\u201d.<\/p>\n\n\n\n<h2 class=\"wp-block-heading\">Fomentar el deporte<\/h2>\n\n\n\n<p>Por su parte, el presidente del Instituto del Deporte Chaque\u00f1o Osvaldo P\u00e9rez Cuevas, quien estuvo acompa\u00f1ado por el asesor general de la presidencia de este organismo provincial Franco Ozuna, celebr\u00f3 poder \u201cfomentar el deporte, acercar los distintos dispositivos del Estado y a los distintos eventos.<\/p>\n\n\n\n<p>\u201cBuscamos generar estos encuentros, compartiendo entre los chicos y haciendo actividad f\u00edsica\u201d, finaliz\u00f3 el funcionario provincial.<\/p>\n\n\n\n<h2 class=\"wp-block-heading\">El certamen<\/h2>\n\n\n\n<p>Este torneo se extender\u00e1 por ocho s\u00e1bados, previendo la disputa de la gran final para el d\u00eda 20 de mayo, encuentro que se jugar\u00e1 en el Estadio del Club Sarmiento.<\/p>\n\n\n\n<p>Las categor\u00edas habilitadas son: Sub 8, Sub 10 y Sub 12.<\/p>\n","protected":false},"excerpt":{"rendered":"<p>En conferencia de prensa, autoridades de la Municipalidad de Puerto Vilelas y del Instituto del Deporte Chaque\u00f1o, presentaron lo que ser\u00e1 la segunda fecha del torneo de f\u00fatbol barrial \u201cPor la camiseta\u201d, teniendo la segunda fecha este s\u00e1bado 8 en el club San Antonio. La localidad vilelense,, para esta segunda fecha, presentar\u00e1 m\u00e1s de 30 &hellip;<\/p>\n","protected":false},"author":2,"featured_media":74616,"comment_status":"open","ping_status":"open","sticky":false,"template":"","format":"standard","meta":{"_jetpack_memberships_contains_paid_content":false,"footnotes":"","jetpack_publicize_message":"","jetpack_publicize_feature_enabled":true,"jetpack_social_post_already_shared":true,"jetpack_social_options":{"image_generator_settings":{"template":"highway","default_image_id":0,"font":"","enabled":false},"version":2}},"categories":[5,15],"tags":[],"class_list":["post-74615","post","type-post","status-publish","format-standard","has-post-thumbnail","hentry","category-chaco","category-deportes"],"jetpack_publicize_connections":[],"jetpack_featured_media_url":"https:\/\/portalmovil.com.ar\/wp-content\/uploads\/2023\/04\/e117e816-607a-4a88-bdbd-bfff933f4c02.jpg","jetpack_sharing_enabled":true,"amp_enabled":true,"_links":{"self":[{"href":"https:\/\/portalmovil.com.ar\/index.php\/wp-json\/wp\/v2\/posts\/74615","targetHints":{"allow":["GET"]}}],"collection":[{"href":"https:\/\/portalmovil.com.ar\/index.php\/wp-json\/wp\/v2\/posts"}],"about":[{"href":"https:\/\/portalmovil.com.ar\/index.php\/wp-json\/wp\/v2\/types\/post"}],"author":[{"embeddable":true,"href":"https:\/\/portalmovil.com.ar\/index.php\/wp-json\/wp\/v2\/users\/2"}],"replies":[{"embeddable":true,"href":"https:\/\/portalmovil.com.ar\/index.php\/wp-json\/wp\/v2\/comments?post=74615"}],"version-history":[{"count":1,"href":"https:\/\/portalmovil.com.ar\/index.php\/wp-json\/wp\/v2\/posts\/74615\/revisions"}],"predecessor-version":[{"id":74617,"href":"https:\/\/portalmovil.com.ar\/index.php\/wp-json\/wp\/v2\/posts\/74615\/revisions\/74617"}],"wp:featuredmedia":[{"embeddable":true,"href":"https:\/\/portalmovil.com.ar\/index.php\/wp-json\/wp\/v2\/media\/74616"}],"wp:attachment":[{"href":"https:\/\/portalmovil.com.ar\/index.php\/wp-json\/wp\/v2\/media?parent=74615"}],"wp:term":[{"taxonomy":"category","embeddable":true,"href":"https:\/\/portalmovil.com.ar\/index.php\/wp-json\/wp\/v2\/categories?post=74615"},{"taxonomy":"post_tag","embeddable":true,"href":"https:\/\/portalmovil.com.ar\/index.php\/wp-json\/wp\/v2\/tags?post=74615"}],"curies":[{"name":"wp","href":"https:\/\/api.w.org\/{rel}","templated":true}]}}