{"id":7432,"date":"2020-06-08T00:33:44","date_gmt":"2020-06-08T03:33:44","guid":{"rendered":"http:\/\/portalmovil.com.ar\/?p=7432"},"modified":"2020-06-08T00:33:46","modified_gmt":"2020-06-08T03:33:46","slug":"puerto-eva-peron-el-municipio-inicio-trabajos-intenso-a-traves-del-area-de-ambiente","status":"publish","type":"post","link":"https:\/\/portalmovil.com.ar\/index.php\/2020\/06\/08\/puerto-eva-peron-el-municipio-inicio-trabajos-intenso-a-traves-del-area-de-ambiente\/","title":{"rendered":"PUERTO EVA PER\u00d3N: El Municipio inici\u00f3 trabajos intenso a trav\u00e9s del \u00e1rea de Ambiente"},"content":{"rendered":"\n<p>La gesti\u00f3n de residuos urbanos es algo fundamental para toda sociedad. Es algo que ya no debe ser un tema de segundo plano, tiene que estar en toda gesti\u00f3n municipal, provincial y nacional como tema primordial. Ocuparnos del ambiente es una obligaci\u00f3n de todos.<\/p>\n\n\n\n<p>En ese sentido, el intendente de Puerto Eva Per\u00f3n, Diego Lavia, remarc\u00f3 \u201cque desde el \u00e1rea de Ambiente municipal se viene trabajando en la separaci\u00f3n en destino de los residuos, de manera manual se recolectan los mismos y luego son separados los org\u00e1nicos e inorg\u00e1nicos. Estos \u00faltimos son acopiados en un tinglado de disposici\u00f3n final, donde luego se trasladan a la ciudad de Resistencia para ser vendidos.<\/p>\n\n\n\n<p>Actualmente, a trav\u00e9s de un convenio con la Secretaria de Desarrollo Territorial y Ambiente y la fundaci\u00f3n ACERCA, \u201ccomenzamos con una capacitaci\u00f3n para agentes del municipio y as\u00ed comenzar a realizar la separaci\u00f3n de los residuos en el domicilio\u201d, anunciando \u201cy en los pr\u00f3ximos d\u00edas el equipo de Ambiente municipal visitar\u00e1 casa por casa a cada vecino para explicar cu\u00e1l es su rol en esta etapa; haremos una prueba piloto con un barrio (20 Viviendas) para as\u00ed luego extendernos a toda la poblaci\u00f3n\u201d.<\/p>\n","protected":false},"excerpt":{"rendered":"<p>La gesti\u00f3n de residuos urbanos es algo fundamental para toda sociedad. Es algo que ya no debe ser un tema de segundo plano, tiene que estar en toda gesti\u00f3n municipal, provincial y nacional como tema primordial. Ocuparnos del ambiente es una obligaci\u00f3n de todos. En ese sentido, el intendente de Puerto Eva Per\u00f3n, Diego Lavia, &hellip;<\/p>\n","protected":false},"author":2,"featured_media":7433,"comment_status":"open","ping_status":"open","sticky":false,"template":"","format":"standard","meta":{"_jetpack_memberships_contains_paid_content":false,"footnotes":"","jetpack_publicize_message":"","jetpack_publicize_feature_enabled":true,"jetpack_social_post_already_shared":true,"jetpack_social_options":{"image_generator_settings":{"template":"highway","default_image_id":0,"font":"","enabled":false},"version":2}},"categories":[42,14],"tags":[],"class_list":["post-7432","post","type-post","status-publish","format-standard","has-post-thumbnail","hentry","category-interior","category-politica"],"jetpack_publicize_connections":[],"jetpack_featured_media_url":"https:\/\/portalmovil.com.ar\/wp-content\/uploads\/2020\/06\/011cb4c6-cead-43d7-bae0-950f42d5238f.jpg","jetpack_sharing_enabled":true,"amp_enabled":true,"_links":{"self":[{"href":"https:\/\/portalmovil.com.ar\/index.php\/wp-json\/wp\/v2\/posts\/7432","targetHints":{"allow":["GET"]}}],"collection":[{"href":"https:\/\/portalmovil.com.ar\/index.php\/wp-json\/wp\/v2\/posts"}],"about":[{"href":"https:\/\/portalmovil.com.ar\/index.php\/wp-json\/wp\/v2\/types\/post"}],"author":[{"embeddable":true,"href":"https:\/\/portalmovil.com.ar\/index.php\/wp-json\/wp\/v2\/users\/2"}],"replies":[{"embeddable":true,"href":"https:\/\/portalmovil.com.ar\/index.php\/wp-json\/wp\/v2\/comments?post=7432"}],"version-history":[{"count":1,"href":"https:\/\/portalmovil.com.ar\/index.php\/wp-json\/wp\/v2\/posts\/7432\/revisions"}],"predecessor-version":[{"id":7434,"href":"https:\/\/portalmovil.com.ar\/index.php\/wp-json\/wp\/v2\/posts\/7432\/revisions\/7434"}],"wp:featuredmedia":[{"embeddable":true,"href":"https:\/\/portalmovil.com.ar\/index.php\/wp-json\/wp\/v2\/media\/7433"}],"wp:attachment":[{"href":"https:\/\/portalmovil.com.ar\/index.php\/wp-json\/wp\/v2\/media?parent=7432"}],"wp:term":[{"taxonomy":"category","embeddable":true,"href":"https:\/\/portalmovil.com.ar\/index.php\/wp-json\/wp\/v2\/categories?post=7432"},{"taxonomy":"post_tag","embeddable":true,"href":"https:\/\/portalmovil.com.ar\/index.php\/wp-json\/wp\/v2\/tags?post=7432"}],"curies":[{"name":"wp","href":"https:\/\/api.w.org\/{rel}","templated":true}]}}