{"id":7414,"date":"2020-06-07T20:36:28","date_gmt":"2020-06-07T23:36:28","guid":{"rendered":"http:\/\/portalmovil.com.ar\/?p=7414"},"modified":"2020-06-07T20:36:33","modified_gmt":"2020-06-07T23:36:33","slug":"alberto-fernandez-saludo-a-los-periodistas-en-su-dia","status":"publish","type":"post","link":"https:\/\/portalmovil.com.ar\/index.php\/2020\/06\/07\/alberto-fernandez-saludo-a-los-periodistas-en-su-dia\/","title":{"rendered":"Alberto Fern\u00e1ndez salud\u00f3 a los periodistas en su d\u00eda"},"content":{"rendered":"\n<p>El presidente Alberto Fern\u00e1ndez salud\u00f3 hoy a los trabajadores de prensa con motivo de su d\u00eda y record\u00f3 al periodista Marcelo Zlotogwiazda, fallecido el a\u00f1o pasado, a quien defini\u00f3 como uno de los que \u00abm\u00e1s admir\u00f3\u00bb por su \u00ablectura honesta y sincera de la realidad\u00bb.<\/p>\n\n\n\n<figure class=\"wp-block-embed-twitter wp-block-embed is-type-rich is-provider-twitter\"><div class=\"wp-block-embed__wrapper\">\n<div class=\"embed-twitter\"><blockquote class=\"twitter-tweet\" data-width=\"500\" data-dnt=\"true\"><p lang=\"es\" dir=\"ltr\">Quiero saludar en su d\u00eda a los y las periodistas de Argentina. <br>En este tiempo dif\u00edcil que nos toca atravesar, es importante que el imperativo \u00e9tico de comunicar la verdad nunca se olvide en la necesaria tarea de mantener informada a la poblaci\u00f3n. <br>Feliz d\u00eda del periodista!!! <a href=\"https:\/\/t.co\/smlmZaU9DV\">pic.twitter.com\/smlmZaU9DV<\/a><\/p>&mdash; Alberto Fern\u00e1ndez (@alferdez) <a href=\"https:\/\/twitter.com\/alferdez\/status\/1269726610988687365?ref_src=twsrc%5Etfw\">June 7, 2020<\/a><\/blockquote><script async src=\"https:\/\/platform.twitter.com\/widgets.js\" charset=\"utf-8\"><\/script><\/div>\n<\/div><\/figure>\n\n\n\n<p>Por otra parte, el mandatario aprovech\u00f3 la ocasi\u00f3n para recordar a\u00a0Marcelo Zlotogwiazda, quien falleci\u00f3 en octubre pasado. \u00abTambi\u00e9n quiero aprovechar el d\u00eda para recordar a uno de los periodistas que m\u00e1s admir\u00e9 por su lectura honesta y sincera de la realidad. S\u00e9 que sus oyentes, sus amigos y sus colegas lo extra\u00f1an mucho. Yo tambi\u00e9n. Donde est\u00e9s, Zloto, feliz d\u00eda\u00bb.<\/p>\n\n\n\n<figure class=\"wp-block-embed-twitter wp-block-embed is-type-rich is-provider-twitter\"><div class=\"wp-block-embed__wrapper\">\n<div class=\"embed-twitter\"><blockquote class=\"twitter-tweet\" data-width=\"500\" data-dnt=\"true\"><p lang=\"es\" dir=\"ltr\">Tambi\u00e9n quiero aprovechar el d\u00eda para recordar a uno de los periodistas que m\u00e1s admir\u00e9 por su lectura honesta y sincera de la realidad. S\u00e9 que sus oyentes, sus amigos y sus colegas lo extra\u00f1an mucho. Yo tambi\u00e9n. <br><br>Donde est\u00e9s, Zloto, feliz d\u00eda. <a href=\"https:\/\/t.co\/dDiap6x2X4\">pic.twitter.com\/dDiap6x2X4<\/a><\/p>&mdash; Alberto Fern\u00e1ndez (@alferdez) <a href=\"https:\/\/twitter.com\/alferdez\/status\/1269727572851638272?ref_src=twsrc%5Etfw\">June 7, 2020<\/a><\/blockquote><script async src=\"https:\/\/platform.twitter.com\/widgets.js\" charset=\"utf-8\"><\/script><\/div>\n<\/div><\/figure>\n","protected":false},"excerpt":{"rendered":"<p>El presidente Alberto Fern\u00e1ndez salud\u00f3 hoy a los trabajadores de prensa con motivo de su d\u00eda y record\u00f3 al periodista Marcelo Zlotogwiazda, fallecido el a\u00f1o pasado, a quien defini\u00f3 como uno de los que \u00abm\u00e1s admir\u00f3\u00bb por su \u00ablectura honesta y sincera de la realidad\u00bb. Quiero saludar en su d\u00eda a los y las periodistas &hellip;<\/p>\n","protected":false},"author":2,"featured_media":7415,"comment_status":"open","ping_status":"open","sticky":false,"template":"","format":"standard","meta":{"_jetpack_memberships_contains_paid_content":false,"footnotes":"","jetpack_publicize_message":"","jetpack_publicize_feature_enabled":true,"jetpack_social_post_already_shared":true,"jetpack_social_options":{"image_generator_settings":{"template":"highway","default_image_id":0,"font":"","enabled":false},"version":2}},"categories":[28,14],"tags":[],"class_list":["post-7414","post","type-post","status-publish","format-standard","has-post-thumbnail","hentry","category-actualidad","category-politica"],"jetpack_publicize_connections":[],"jetpack_featured_media_url":"https:\/\/portalmovil.com.ar\/wp-content\/uploads\/2020\/06\/5ed7b1aa942c9_1004x564.jpg","jetpack_sharing_enabled":true,"amp_enabled":true,"_links":{"self":[{"href":"https:\/\/portalmovil.com.ar\/index.php\/wp-json\/wp\/v2\/posts\/7414","targetHints":{"allow":["GET"]}}],"collection":[{"href":"https:\/\/portalmovil.com.ar\/index.php\/wp-json\/wp\/v2\/posts"}],"about":[{"href":"https:\/\/portalmovil.com.ar\/index.php\/wp-json\/wp\/v2\/types\/post"}],"author":[{"embeddable":true,"href":"https:\/\/portalmovil.com.ar\/index.php\/wp-json\/wp\/v2\/users\/2"}],"replies":[{"embeddable":true,"href":"https:\/\/portalmovil.com.ar\/index.php\/wp-json\/wp\/v2\/comments?post=7414"}],"version-history":[{"count":1,"href":"https:\/\/portalmovil.com.ar\/index.php\/wp-json\/wp\/v2\/posts\/7414\/revisions"}],"predecessor-version":[{"id":7416,"href":"https:\/\/portalmovil.com.ar\/index.php\/wp-json\/wp\/v2\/posts\/7414\/revisions\/7416"}],"wp:featuredmedia":[{"embeddable":true,"href":"https:\/\/portalmovil.com.ar\/index.php\/wp-json\/wp\/v2\/media\/7415"}],"wp:attachment":[{"href":"https:\/\/portalmovil.com.ar\/index.php\/wp-json\/wp\/v2\/media?parent=7414"}],"wp:term":[{"taxonomy":"category","embeddable":true,"href":"https:\/\/portalmovil.com.ar\/index.php\/wp-json\/wp\/v2\/categories?post=7414"},{"taxonomy":"post_tag","embeddable":true,"href":"https:\/\/portalmovil.com.ar\/index.php\/wp-json\/wp\/v2\/tags?post=7414"}],"curies":[{"name":"wp","href":"https:\/\/api.w.org\/{rel}","templated":true}]}}