{"id":74126,"date":"2023-03-29T09:48:00","date_gmt":"2023-03-29T12:48:00","guid":{"rendered":"https:\/\/portalmovil.com.ar\/?p=74126"},"modified":"2023-03-29T22:24:11","modified_gmt":"2023-03-30T01:24:11","slug":"presentaron-la-brigada-de-bomberos-voluntarios-en-chaco","status":"publish","type":"post","link":"https:\/\/portalmovil.com.ar\/index.php\/2023\/03\/29\/presentaron-la-brigada-de-bomberos-voluntarios-en-chaco\/","title":{"rendered":"Presentaron la brigada de bomberos voluntarios en Chaco"},"content":{"rendered":"\n<p>El gobernador Jorge Capitanich particip\u00f3 este mi\u00e9rcoles junto al ministro de Gobierno y Trabajo, Juan Manuel Chapo, de la firma del convenio que formaliza la creaci\u00f3n de la Brigada Federativa de Bomberos Voluntarios Forestal (BFBVF). Adem\u00e1s de la firma, y presentaci\u00f3n oficial de autoridades, el mandatario entreg\u00f3 equipamiento para el combate de incendios y una motobomba.<\/p>\n\n\n\n<p><br>\u201cCreemos que es necesario estar prevenidos, para lo cual la capacitaci\u00f3n del personal con el equipamiento correspondiente, m\u00e1s su extensi\u00f3n territorial genera mejores condiciones de intervenci\u00f3n\u201d, expres\u00f3 Capitanich, quien record\u00f3 que la firma del convenio se inscribe en una estrategia de fortalecimiento institucional por parte del Estado provincial.<\/p>\n\n\n\n<p>Tras la firma entre el Ministerio y la Federaci\u00f3n Central de Bomberos Voluntarios del Chaco, las autoridades entregaron 10 trajes y 10 mochilas para incendios forestales, herramientas y una motobomba, fundamentales para la Brigada y el combate de incendios en \u00e1reas rurales\/forestales.<\/p>\n\n\n\n<p><strong>El mandatario destac\u00f3 tambi\u00e9n el crecimiento de la cantidad de Asociaciones de Bomberos Voluntarios en la provincia, pasando de 17, en 2019, a 24 en 2021 y 29, actualmente, \u201cde las cuales 25 reciben de forma sistem\u00e1tica y regular transferencia de fondos de la Ley Nacional\u201d, puntualiz\u00f3,<\/strong>&nbsp;mencionando adem\u00e1s la existencia actual de 500 bomberos voluntarios en la provincia, como \u201cprueba contundente de su solidaridad, cooperaci\u00f3n y trabajo\u201d.<\/p>\n\n\n\n<p>Recordando la conformaci\u00f3n del territorio provincial por un 46 por ciento de superficie boscosa,&nbsp;<strong>Capitanich apunt\u00f3 a la necesidad de mejorar la capacidad de intervenci\u00f3n territorial y de cobertura frente a focos \u00edgneos. \u201cEs una tarea cicl\u00f3pea y un esfuerzo extraordinario\u201d, asegur\u00f3.<\/strong><\/p>\n\n\n\n<p>El gobernador destac\u00f3 adem\u00e1s que el seguimiento de los indicadores de focos \u00edgneos permite \u201ctener un sistema de aproximaciones para la intervenci\u00f3n orientada a que esos focos no se expandan\u201d.<\/p>\n","protected":false},"excerpt":{"rendered":"<p>El gobernador Jorge Capitanich particip\u00f3 este mi\u00e9rcoles junto al ministro de Gobierno y Trabajo, Juan Manuel Chapo, de la firma del convenio que formaliza la creaci\u00f3n de la Brigada Federativa de Bomberos Voluntarios Forestal (BFBVF). Adem\u00e1s de la firma, y presentaci\u00f3n oficial de autoridades, el mandatario entreg\u00f3 equipamiento para el combate de incendios y una &hellip;<\/p>\n","protected":false},"author":2,"featured_media":74127,"comment_status":"open","ping_status":"open","sticky":false,"template":"","format":"standard","meta":{"_jetpack_memberships_contains_paid_content":false,"footnotes":"","jetpack_publicize_message":"","jetpack_publicize_feature_enabled":true,"jetpack_social_post_already_shared":true,"jetpack_social_options":{"image_generator_settings":{"template":"highway","default_image_id":0,"font":"","enabled":false},"version":2}},"categories":[5,12],"tags":[],"class_list":["post-74126","post","type-post","status-publish","format-standard","has-post-thumbnail","hentry","category-chaco","category-ultimo"],"jetpack_publicize_connections":[],"jetpack_featured_media_url":"https:\/\/portalmovil.com.ar\/wp-content\/uploads\/2023\/03\/6424cff85c2c7129801698.jpg","jetpack_sharing_enabled":true,"amp_enabled":true,"_links":{"self":[{"href":"https:\/\/portalmovil.com.ar\/index.php\/wp-json\/wp\/v2\/posts\/74126","targetHints":{"allow":["GET"]}}],"collection":[{"href":"https:\/\/portalmovil.com.ar\/index.php\/wp-json\/wp\/v2\/posts"}],"about":[{"href":"https:\/\/portalmovil.com.ar\/index.php\/wp-json\/wp\/v2\/types\/post"}],"author":[{"embeddable":true,"href":"https:\/\/portalmovil.com.ar\/index.php\/wp-json\/wp\/v2\/users\/2"}],"replies":[{"embeddable":true,"href":"https:\/\/portalmovil.com.ar\/index.php\/wp-json\/wp\/v2\/comments?post=74126"}],"version-history":[{"count":1,"href":"https:\/\/portalmovil.com.ar\/index.php\/wp-json\/wp\/v2\/posts\/74126\/revisions"}],"predecessor-version":[{"id":74128,"href":"https:\/\/portalmovil.com.ar\/index.php\/wp-json\/wp\/v2\/posts\/74126\/revisions\/74128"}],"wp:featuredmedia":[{"embeddable":true,"href":"https:\/\/portalmovil.com.ar\/index.php\/wp-json\/wp\/v2\/media\/74127"}],"wp:attachment":[{"href":"https:\/\/portalmovil.com.ar\/index.php\/wp-json\/wp\/v2\/media?parent=74126"}],"wp:term":[{"taxonomy":"category","embeddable":true,"href":"https:\/\/portalmovil.com.ar\/index.php\/wp-json\/wp\/v2\/categories?post=74126"},{"taxonomy":"post_tag","embeddable":true,"href":"https:\/\/portalmovil.com.ar\/index.php\/wp-json\/wp\/v2\/tags?post=74126"}],"curies":[{"name":"wp","href":"https:\/\/api.w.org\/{rel}","templated":true}]}}