{"id":74055,"date":"2023-03-28T21:26:27","date_gmt":"2023-03-29T00:26:27","guid":{"rendered":"https:\/\/portalmovil.com.ar\/?p=74055"},"modified":"2023-03-28T21:26:31","modified_gmt":"2023-03-29T00:26:31","slug":"hugo-ibarra-dejo-de-ser-el-entrenador-de-boca","status":"publish","type":"post","link":"https:\/\/portalmovil.com.ar\/index.php\/2023\/03\/28\/hugo-ibarra-dejo-de-ser-el-entrenador-de-boca\/","title":{"rendered":"Hugo Ibarra dej\u00f3 de ser el entrenador de Boca"},"content":{"rendered":"\n<p>Luego que se suspendiera la pr\u00e1ctica vespertina de Boca, el entrenador Hugo Ibarra mantuvo este martes una reuni\u00f3n con Juan Rom\u00e1n Riquelme y el resto del Consejo de F\u00fatbol en el que se defini\u00f3 su salida.<\/p>\n\n\n\n<p>Chicho Serna fue el encargado de confirmar la salida del ex lateral hist\u00f3rico del club, que dirigi\u00f3 36 partidos, gan\u00f3 20, empat\u00f3 7 y perdi\u00f3 9. El \u00abNegro\u00bb sum\u00f3 dos t\u00edtulos: la Liga Profesional de 2022 y la Supercopa Argentina del mismo a\u00f1o.<\/p>\n\n\n\n<p><strong>Tanto el t\u00e9cnico como Roberto Pompei y Leandro Graci\u00e1n, sus dos colaboradores principales, hab\u00edan sido citados de imprevistoal predio para participar de la reuni\u00f3n&nbsp;<\/strong>luego de la llegada del vicepresidente del club al pa\u00eds tras participar del sorteo de la fase de grupos de la Copa Libertadores.<strong><\/strong><\/p>\n\n\n\n<p><strong>M\u00e1s all\u00e1 de los dos t\u00edtulos conseguidos, el DT estaba en el ojo de la tormenta luego de la ca\u00edda ante Instituto por la octava fecha de la Liga Profesional de F\u00fatbol.<\/strong><\/p>\n\n\n\n<p>Mariano Herr\u00f3n asumir\u00e1 interinamente mientras el Consejo de F\u00fatbol busca al reemplazante de Ibarra. Seg\u00fan trascendi\u00f3, el apuntado ser\u00eda Gerardo Martino.<\/p>\n","protected":false},"excerpt":{"rendered":"<p>Luego que se suspendiera la pr\u00e1ctica vespertina de Boca, el entrenador Hugo Ibarra mantuvo este martes una reuni\u00f3n con Juan Rom\u00e1n Riquelme y el resto del Consejo de F\u00fatbol en el que se defini\u00f3 su salida. Chicho Serna fue el encargado de confirmar la salida del ex lateral hist\u00f3rico del club, que dirigi\u00f3 36 partidos, &hellip;<\/p>\n","protected":false},"author":2,"featured_media":74056,"comment_status":"open","ping_status":"open","sticky":false,"template":"","format":"standard","meta":{"_jetpack_memberships_contains_paid_content":false,"footnotes":"","jetpack_publicize_message":"","jetpack_publicize_feature_enabled":true,"jetpack_social_post_already_shared":true,"jetpack_social_options":{"image_generator_settings":{"template":"highway","default_image_id":0,"font":"","enabled":false},"version":2}},"categories":[15],"tags":[],"class_list":["post-74055","post","type-post","status-publish","format-standard","has-post-thumbnail","hentry","category-deportes"],"jetpack_publicize_connections":[],"jetpack_featured_media_url":"https:\/\/portalmovil.com.ar\/wp-content\/uploads\/2023\/03\/hugo-ibarra.webp","jetpack_sharing_enabled":true,"amp_enabled":true,"_links":{"self":[{"href":"https:\/\/portalmovil.com.ar\/index.php\/wp-json\/wp\/v2\/posts\/74055","targetHints":{"allow":["GET"]}}],"collection":[{"href":"https:\/\/portalmovil.com.ar\/index.php\/wp-json\/wp\/v2\/posts"}],"about":[{"href":"https:\/\/portalmovil.com.ar\/index.php\/wp-json\/wp\/v2\/types\/post"}],"author":[{"embeddable":true,"href":"https:\/\/portalmovil.com.ar\/index.php\/wp-json\/wp\/v2\/users\/2"}],"replies":[{"embeddable":true,"href":"https:\/\/portalmovil.com.ar\/index.php\/wp-json\/wp\/v2\/comments?post=74055"}],"version-history":[{"count":1,"href":"https:\/\/portalmovil.com.ar\/index.php\/wp-json\/wp\/v2\/posts\/74055\/revisions"}],"predecessor-version":[{"id":74057,"href":"https:\/\/portalmovil.com.ar\/index.php\/wp-json\/wp\/v2\/posts\/74055\/revisions\/74057"}],"wp:featuredmedia":[{"embeddable":true,"href":"https:\/\/portalmovil.com.ar\/index.php\/wp-json\/wp\/v2\/media\/74056"}],"wp:attachment":[{"href":"https:\/\/portalmovil.com.ar\/index.php\/wp-json\/wp\/v2\/media?parent=74055"}],"wp:term":[{"taxonomy":"category","embeddable":true,"href":"https:\/\/portalmovil.com.ar\/index.php\/wp-json\/wp\/v2\/categories?post=74055"},{"taxonomy":"post_tag","embeddable":true,"href":"https:\/\/portalmovil.com.ar\/index.php\/wp-json\/wp\/v2\/tags?post=74055"}],"curies":[{"name":"wp","href":"https:\/\/api.w.org\/{rel}","templated":true}]}}