{"id":74042,"date":"2023-03-28T08:27:00","date_gmt":"2023-03-28T11:27:00","guid":{"rendered":"https:\/\/portalmovil.com.ar\/?p=74042"},"modified":"2023-03-28T17:29:34","modified_gmt":"2023-03-28T20:29:34","slug":"covid-oms-recomienda-no-dar-mas-dosis-de-refuerzo-a-poblacion-general","status":"publish","type":"post","link":"https:\/\/portalmovil.com.ar\/index.php\/2023\/03\/28\/covid-oms-recomienda-no-dar-mas-dosis-de-refuerzo-a-poblacion-general\/","title":{"rendered":"Covid: OMS recomienda no dar m\u00e1s dosis de refuerzo a poblaci\u00f3n general"},"content":{"rendered":"\n<p>Expertos en vacunas de la\u00a0Organizaci\u00f3n Mundial de la Salud (OMS)\u00a0recomendaron hoy que las vacunas de refuerzo contra la\u00a0<strong>covid\u00a0<\/strong>ya no sean administradas para la poblaci\u00f3n que no sea de grupos de alto riesgo, dado el alto nivel de inmunizaci\u00f3n alcanzado por las poblaciones en numerosos pa\u00edses.<\/p>\n\n\n\n<p>La necesidad de una<strong>\u00a0dosis de refuerzo<\/strong><a href=\"https:\/\/www.mdzol.com\/sociedad\/2022\/5\/28\/el-preocupante-porcentaje-de-argentinos-que-aun-no-se-aplico-el-refuerzo-contra-el-covid-19-247084.html\" target=\"_blank\" rel=\"noreferrer noopener\">,<\/a>\u00a0entre seis y 12 meses despu\u00e9s de la anterior, se mantiene solo en colectivos que incluyen personas mayores, inmunodeprimidas y trabajadores sanitarios, seg\u00fan explicaron hoy en rueda de prensa dos representantes del grupo de expertos de la OMS tras sus reuniones del 20 al 23 de marzo, seg\u00fan inform\u00f3 la<strong><em> agencia EFE.<\/em><\/strong><\/p>\n","protected":false},"excerpt":{"rendered":"<p>Expertos en vacunas de la\u00a0Organizaci\u00f3n Mundial de la Salud (OMS)\u00a0recomendaron hoy que las vacunas de refuerzo contra la\u00a0covid\u00a0ya no sean administradas para la poblaci\u00f3n que no sea de grupos de alto riesgo, dado el alto nivel de inmunizaci\u00f3n alcanzado por las poblaciones en numerosos pa\u00edses. La necesidad de una\u00a0dosis de refuerzo,\u00a0entre seis y 12 meses &hellip;<\/p>\n","protected":false},"author":2,"featured_media":47604,"comment_status":"open","ping_status":"open","sticky":false,"template":"","format":"standard","meta":{"_jetpack_memberships_contains_paid_content":false,"footnotes":"","jetpack_publicize_message":"","jetpack_publicize_feature_enabled":true,"jetpack_social_post_already_shared":true,"jetpack_social_options":{"image_generator_settings":{"template":"highway","default_image_id":0,"font":"","enabled":false},"version":2}},"categories":[17,12],"tags":[],"class_list":["post-74042","post","type-post","status-publish","format-standard","has-post-thumbnail","hentry","category-mundo","category-ultimo"],"jetpack_publicize_connections":[],"jetpack_featured_media_url":"https:\/\/portalmovil.com.ar\/wp-content\/uploads\/2021\/12\/vacunas-hay.jpg","jetpack_sharing_enabled":true,"amp_enabled":true,"_links":{"self":[{"href":"https:\/\/portalmovil.com.ar\/index.php\/wp-json\/wp\/v2\/posts\/74042","targetHints":{"allow":["GET"]}}],"collection":[{"href":"https:\/\/portalmovil.com.ar\/index.php\/wp-json\/wp\/v2\/posts"}],"about":[{"href":"https:\/\/portalmovil.com.ar\/index.php\/wp-json\/wp\/v2\/types\/post"}],"author":[{"embeddable":true,"href":"https:\/\/portalmovil.com.ar\/index.php\/wp-json\/wp\/v2\/users\/2"}],"replies":[{"embeddable":true,"href":"https:\/\/portalmovil.com.ar\/index.php\/wp-json\/wp\/v2\/comments?post=74042"}],"version-history":[{"count":1,"href":"https:\/\/portalmovil.com.ar\/index.php\/wp-json\/wp\/v2\/posts\/74042\/revisions"}],"predecessor-version":[{"id":74043,"href":"https:\/\/portalmovil.com.ar\/index.php\/wp-json\/wp\/v2\/posts\/74042\/revisions\/74043"}],"wp:featuredmedia":[{"embeddable":true,"href":"https:\/\/portalmovil.com.ar\/index.php\/wp-json\/wp\/v2\/media\/47604"}],"wp:attachment":[{"href":"https:\/\/portalmovil.com.ar\/index.php\/wp-json\/wp\/v2\/media?parent=74042"}],"wp:term":[{"taxonomy":"category","embeddable":true,"href":"https:\/\/portalmovil.com.ar\/index.php\/wp-json\/wp\/v2\/categories?post=74042"},{"taxonomy":"post_tag","embeddable":true,"href":"https:\/\/portalmovil.com.ar\/index.php\/wp-json\/wp\/v2\/tags?post=74042"}],"curies":[{"name":"wp","href":"https:\/\/api.w.org\/{rel}","templated":true}]}}