{"id":7397,"date":"2020-06-07T13:44:38","date_gmt":"2020-06-07T16:44:38","guid":{"rendered":"http:\/\/portalmovil.com.ar\/?p=7397"},"modified":"2020-06-07T13:44:43","modified_gmt":"2020-06-07T16:44:43","slug":"el-vaticano-se-declara-libre-de-coronavirus","status":"publish","type":"post","link":"https:\/\/portalmovil.com.ar\/index.php\/2020\/06\/07\/el-vaticano-se-declara-libre-de-coronavirus\/","title":{"rendered":"El Vaticano se declara libre de coronavirus"},"content":{"rendered":"\n<p>El Estado del Vaticano se declar\u00f3 hoy libre de coronavirus, luego que la \u00faltima persona diagnosticada en las \u00faltimas semanas diera negativo y el peque\u00f1o territorio se mantenga sin nuevos casos, importados o de trasmisi\u00f3n local.<\/p>\n\n\n\n<p>\u00abHasta la fecha, no ha habido casos positivos de coronavirus entre los empleados de la Santa Sede y en el Estado de la Ciudad del Vaticano\u00bb, inform\u00f3 el director de la oficina de prensa de la Santa Sede, Matteo Bruni, citado por la agencia de noticias DPA.<\/p>\n\n\n\n<p>El Vaticano ha tenido 12 casos confirmados de coronavirus y ning\u00fan muerto.<\/p>\n\n\n\n<p>Tras declararse libre de coronavirus, el Vaticano continu\u00f3 avanzando en la reactivaci\u00f3n de sus actividades y permiti\u00f3 hoy el acceso a la plaza de San Pedro despu\u00e9s de casi tres meses de mantenerla cerrada, inform\u00f3 la agencia de noticias <em><strong>EFE.<\/strong><\/em><\/p>\n\n\n\n<p>El papa Francisco volvi\u00f3 a realizar el rezo del \u00c1ngelus frente a fieles y en su mensaje posterior se refiri\u00f3 a los que siguen enfermos y los que creen que ya pas\u00f3 lo peor.<\/p>\n\n\n\n<p>\u00abLos saludo a todos ustedes, romanos y peregrinos: a fieles, familias y comunidades religiosas. Su presencia en la plaza es un signo de que la fase aguda de la epidemia ha pasado en Italia&#8230; pero est\u00e9n atentos, no canten todav\u00eda victoria. Hay que respetar las normas vigentes\u00bb, pidi\u00f3 el Papa.<\/p>\n\n\n\n<p>\u00abLamentablemente, en otros pa\u00edses, pienso en algunos, el virus sigue cobr\u00e1ndose muchas v\u00edctimas. El viernes pasado, en un pa\u00eds, ha muerto una persona al minuto, terrible. Deseo expresar mi cercan\u00eda a esas poblaciones, a los enfermos y sus familias, y a todos los que los cuidan\u00bb, agreg\u00f3, haciendo una referencia a Brasil, uno de los pa\u00edses del mundo en los que la pandemia crece a un ritmo m\u00e1s acelerado.<\/p>\n","protected":false},"excerpt":{"rendered":"<p>El Estado del Vaticano se declar\u00f3 hoy libre de coronavirus, luego que la \u00faltima persona diagnosticada en las \u00faltimas semanas diera negativo y el peque\u00f1o territorio se mantenga sin nuevos casos, importados o de trasmisi\u00f3n local. \u00abHasta la fecha, no ha habido casos positivos de coronavirus entre los empleados de la Santa Sede y en &hellip;<\/p>\n","protected":false},"author":2,"featured_media":7398,"comment_status":"open","ping_status":"open","sticky":false,"template":"","format":"standard","meta":{"_jetpack_memberships_contains_paid_content":false,"footnotes":"","jetpack_publicize_message":"","jetpack_publicize_feature_enabled":true,"jetpack_social_post_already_shared":true,"jetpack_social_options":{"image_generator_settings":{"template":"highway","default_image_id":0,"font":"","enabled":false},"version":2}},"categories":[17],"tags":[],"class_list":["post-7397","post","type-post","status-publish","format-standard","has-post-thumbnail","hentry","category-mundo"],"jetpack_publicize_connections":[],"jetpack_featured_media_url":"https:\/\/portalmovil.com.ar\/wp-content\/uploads\/2020\/06\/WhatsApp-Image-2020-06-07-at-13.44.04.jpeg","jetpack_sharing_enabled":true,"amp_enabled":true,"_links":{"self":[{"href":"https:\/\/portalmovil.com.ar\/index.php\/wp-json\/wp\/v2\/posts\/7397","targetHints":{"allow":["GET"]}}],"collection":[{"href":"https:\/\/portalmovil.com.ar\/index.php\/wp-json\/wp\/v2\/posts"}],"about":[{"href":"https:\/\/portalmovil.com.ar\/index.php\/wp-json\/wp\/v2\/types\/post"}],"author":[{"embeddable":true,"href":"https:\/\/portalmovil.com.ar\/index.php\/wp-json\/wp\/v2\/users\/2"}],"replies":[{"embeddable":true,"href":"https:\/\/portalmovil.com.ar\/index.php\/wp-json\/wp\/v2\/comments?post=7397"}],"version-history":[{"count":1,"href":"https:\/\/portalmovil.com.ar\/index.php\/wp-json\/wp\/v2\/posts\/7397\/revisions"}],"predecessor-version":[{"id":7399,"href":"https:\/\/portalmovil.com.ar\/index.php\/wp-json\/wp\/v2\/posts\/7397\/revisions\/7399"}],"wp:featuredmedia":[{"embeddable":true,"href":"https:\/\/portalmovil.com.ar\/index.php\/wp-json\/wp\/v2\/media\/7398"}],"wp:attachment":[{"href":"https:\/\/portalmovil.com.ar\/index.php\/wp-json\/wp\/v2\/media?parent=7397"}],"wp:term":[{"taxonomy":"category","embeddable":true,"href":"https:\/\/portalmovil.com.ar\/index.php\/wp-json\/wp\/v2\/categories?post=7397"},{"taxonomy":"post_tag","embeddable":true,"href":"https:\/\/portalmovil.com.ar\/index.php\/wp-json\/wp\/v2\/tags?post=7397"}],"curies":[{"name":"wp","href":"https:\/\/api.w.org\/{rel}","templated":true}]}}