{"id":73925,"date":"2023-03-26T01:33:00","date_gmt":"2023-03-26T04:33:00","guid":{"rendered":"https:\/\/portalmovil.com.ar\/?p=73925"},"modified":"2023-03-26T13:34:35","modified_gmt":"2023-03-26T16:34:35","slug":"habilitaron-obras-en-el-centro-de-gestion-comunitaria-luchemos-juntos","status":"publish","type":"post","link":"https:\/\/portalmovil.com.ar\/index.php\/2023\/03\/26\/habilitaron-obras-en-el-centro-de-gestion-comunitaria-luchemos-juntos\/","title":{"rendered":"Habilitaron obras en el Centro de Gesti\u00f3n Comunitaria \u00abLuchemos Juntos\u00bb"},"content":{"rendered":"\n<p>Jorge Capitanich, habilit\u00f3 este domingo la obra de infraestructura del Centro de Gesti\u00f3n Comunitaria \u00abLuchemos Juntos\u00bb del barrio hom\u00f3nimo, construido a trav\u00e9s del Instituto de Agricultura Familiar y Econom\u00eda Popular (IAFEP), y que ser\u00e1 sede para el dictado de diferentes cursos de capacitaci\u00f3n en oficios con inmediata inserci\u00f3n laboral. Antes de ello, el mandatario provincial entreg\u00f3 una vivienda de emergencia en el barrio Villa Mar\u00eda Inmaculada.<\/p>\n\n\n\n<p>La obra, realizada en el barrio \u00abLuchemos Juntos\u00bb, demand\u00f3 una inversi\u00f3n de 12 millones de pesos, financiados por el IAFEP. En dicho edificio, los vecinos podr\u00e1n realizar diferentes cursos de oficio como barber\u00eda, corte y confecci\u00f3n, electricidad, refrigeraci\u00f3n y clases de guitarra y tambi\u00e9n, podr\u00e1n finalizar sus estudios primarios y secundarios, beneficiando a un total de 120 familias del barrio. Adem\u00e1s, actualmente, en el lugar funciona un comedor y merendero que atiende a 70 ni\u00f1os.<\/p>\n\n\n\n<p>Acompa\u00f1ado del titular de IAFEP, Mauro Andi\u00f3n, el gobernador explicit\u00f3 que este nuevo espacio, permitir\u00e1 ejecutar el programa de Finalizaci\u00f3n de Estudios Primarios y Secundarios (FINES), adem\u00e1s de permitir la&nbsp;<strong>expansi\u00f3n de la red de merenderos<\/strong>&nbsp;y comedores comunitarios y, respecto a los cursos de formaci\u00f3n que se dictar\u00e1n en el lugar, reafirm\u00f3 que son herramientas&nbsp;<strong>\u00abmuy importantes para la inserci\u00f3n laboral\u00bb<\/strong>.<\/p>\n\n\n\n<p>Previo a la inauguraci\u00f3n de este espacio, el gobernador&nbsp;<strong>entreg\u00f3 una nueva vivienda a una vecina del barrio Villa Mar\u00eda Inmaculada<\/strong>, tambi\u00e9n ejecutada a trav\u00e9s del IAFEP con una inversi\u00f3n cercana a los 2,6 millones de pesos, \u00abcon el objetivo de&nbsp;<strong>garantizar el acceso a soluciones habitacionales<\/strong>&nbsp;para el desarrollo urbano, a la inclusi\u00f3n social y a una mejor calidad de vida\u00bb.<\/p>\n\n\n\n<p>\u00abDe esta manera, desde el IAFEP&nbsp;<strong>se terminar\u00e1n de ejecutar m\u00e1s de 2.200 soluciones habitacionales en la provincia<\/strong>, de las cuales alrededor de 500 se encuentran en la \u00faltima etapa de construcci\u00f3n, con el objetivo de dar respuesta a situaciones de emergencia habitacional\u00bb, continuaron detallando.<\/p>\n\n\n\n<p>\u00abQue hoy podamos garantizar<strong>&nbsp;el derecho a un techo digno, al desarrollo, a la educaci\u00f3n y a la alimentaci\u00f3n<\/strong>, forma parte de la inclusi\u00f3n que cada familia chaque\u00f1a debe tener\u00bb, finaliz\u00f3 Capitanich.<\/p>\n","protected":false},"excerpt":{"rendered":"<p>Jorge Capitanich, habilit\u00f3 este domingo la obra de infraestructura del Centro de Gesti\u00f3n Comunitaria \u00abLuchemos Juntos\u00bb del barrio hom\u00f3nimo, construido a trav\u00e9s del Instituto de Agricultura Familiar y Econom\u00eda Popular (IAFEP), y que ser\u00e1 sede para el dictado de diferentes cursos de capacitaci\u00f3n en oficios con inmediata inserci\u00f3n laboral. Antes de ello, el mandatario provincial &hellip;<\/p>\n","protected":false},"author":2,"featured_media":73926,"comment_status":"open","ping_status":"open","sticky":false,"template":"","format":"standard","meta":{"_jetpack_memberships_contains_paid_content":false,"footnotes":"","jetpack_publicize_message":"","jetpack_publicize_feature_enabled":true,"jetpack_social_post_already_shared":true,"jetpack_social_options":{"image_generator_settings":{"template":"highway","default_image_id":0,"font":"","enabled":false},"version":2}},"categories":[5,14,12],"tags":[],"class_list":["post-73925","post","type-post","status-publish","format-standard","has-post-thumbnail","hentry","category-chaco","category-politica","category-ultimo"],"jetpack_publicize_connections":[],"jetpack_featured_media_url":"https:\/\/portalmovil.com.ar\/wp-content\/uploads\/2023\/03\/68fadbaa1a5da9545dd69ab4f1d202b6.jpg","jetpack_sharing_enabled":true,"amp_enabled":true,"_links":{"self":[{"href":"https:\/\/portalmovil.com.ar\/index.php\/wp-json\/wp\/v2\/posts\/73925","targetHints":{"allow":["GET"]}}],"collection":[{"href":"https:\/\/portalmovil.com.ar\/index.php\/wp-json\/wp\/v2\/posts"}],"about":[{"href":"https:\/\/portalmovil.com.ar\/index.php\/wp-json\/wp\/v2\/types\/post"}],"author":[{"embeddable":true,"href":"https:\/\/portalmovil.com.ar\/index.php\/wp-json\/wp\/v2\/users\/2"}],"replies":[{"embeddable":true,"href":"https:\/\/portalmovil.com.ar\/index.php\/wp-json\/wp\/v2\/comments?post=73925"}],"version-history":[{"count":1,"href":"https:\/\/portalmovil.com.ar\/index.php\/wp-json\/wp\/v2\/posts\/73925\/revisions"}],"predecessor-version":[{"id":73927,"href":"https:\/\/portalmovil.com.ar\/index.php\/wp-json\/wp\/v2\/posts\/73925\/revisions\/73927"}],"wp:featuredmedia":[{"embeddable":true,"href":"https:\/\/portalmovil.com.ar\/index.php\/wp-json\/wp\/v2\/media\/73926"}],"wp:attachment":[{"href":"https:\/\/portalmovil.com.ar\/index.php\/wp-json\/wp\/v2\/media?parent=73925"}],"wp:term":[{"taxonomy":"category","embeddable":true,"href":"https:\/\/portalmovil.com.ar\/index.php\/wp-json\/wp\/v2\/categories?post=73925"},{"taxonomy":"post_tag","embeddable":true,"href":"https:\/\/portalmovil.com.ar\/index.php\/wp-json\/wp\/v2\/tags?post=73925"}],"curies":[{"name":"wp","href":"https:\/\/api.w.org\/{rel}","templated":true}]}}