{"id":73862,"date":"2023-03-24T10:11:38","date_gmt":"2023-03-24T13:11:38","guid":{"rendered":"https:\/\/portalmovil.com.ar\/?p=73862"},"modified":"2023-03-24T10:11:41","modified_gmt":"2023-03-24T13:11:41","slug":"hoy-tenemos-que-tener-memoria-de-lo-que-nunca-mas-se-debe-repetir-dijo-capitanich","status":"publish","type":"post","link":"https:\/\/portalmovil.com.ar\/index.php\/2023\/03\/24\/hoy-tenemos-que-tener-memoria-de-lo-que-nunca-mas-se-debe-repetir-dijo-capitanich\/","title":{"rendered":"\u201cHoy tenemos que tener memoria de lo que nunca m\u00e1s se debe repetir\u201d, dijo Capitanich"},"content":{"rendered":"\n<p>En una historia de su perfil de Instagram, el gobernador Jorge Capitanicha invit\u00f3 al pueblo del Chaco a \u201crecordar cada 24 de marzo como la fecha que nunca m\u00e1s puede volver en la Argentina y el mundo. Necesitamos m\u00e1s democracia, porque la democracia es siempre la reivindicaci\u00f3n leg\u00edtima de los derechos humanos\u201d.\u00a0<\/p>\n\n\n\n<p>El mandatario chaque\u00f1o expres\u00f3 que debemos tener \u201cmemoria de lo que nunca m\u00e1s se debe repetir, la b\u00fasqueda irrenunciable de la verdad y la justicia como parte de una democracia concebida desde la plena garant\u00eda del estado de derecho\u201d.<\/p>\n\n\n\n<p>\u201cNuestros h\u00e9roes y m\u00e1rtires reivindicar\u00e1n siempre los mismos principios, una Argentina con paz y justicia, pol\u00edticamente soberana, econ\u00f3micamente independiente y socialmente justa\u201d, finaliz\u00f3 su reflexi\u00f3n en el aniversario n\u00famero 47 de la \u00faltima dictadura c\u00edvico militar y D\u00eda de la Memoria por la Verdad y la Justicia.<\/p>\n","protected":false},"excerpt":{"rendered":"<p>En una historia de su perfil de Instagram, el gobernador Jorge Capitanicha invit\u00f3 al pueblo del Chaco a \u201crecordar cada 24 de marzo como la fecha que nunca m\u00e1s puede volver en la Argentina y el mundo. Necesitamos m\u00e1s democracia, porque la democracia es siempre la reivindicaci\u00f3n leg\u00edtima de los derechos humanos\u201d.\u00a0 El mandatario chaque\u00f1o &hellip;<\/p>\n","protected":false},"author":2,"featured_media":62856,"comment_status":"open","ping_status":"open","sticky":false,"template":"","format":"standard","meta":{"_jetpack_memberships_contains_paid_content":false,"footnotes":"","jetpack_publicize_message":"","jetpack_publicize_feature_enabled":true,"jetpack_social_post_already_shared":true,"jetpack_social_options":{"image_generator_settings":{"template":"highway","default_image_id":0,"font":"","enabled":false},"version":2}},"categories":[5,14],"tags":[],"class_list":["post-73862","post","type-post","status-publish","format-standard","has-post-thumbnail","hentry","category-chaco","category-politica"],"jetpack_publicize_connections":[],"jetpack_featured_media_url":"https:\/\/portalmovil.com.ar\/wp-content\/uploads\/2022\/09\/capitanich-4-e1658938298220.webp","jetpack_sharing_enabled":true,"amp_enabled":true,"_links":{"self":[{"href":"https:\/\/portalmovil.com.ar\/index.php\/wp-json\/wp\/v2\/posts\/73862","targetHints":{"allow":["GET"]}}],"collection":[{"href":"https:\/\/portalmovil.com.ar\/index.php\/wp-json\/wp\/v2\/posts"}],"about":[{"href":"https:\/\/portalmovil.com.ar\/index.php\/wp-json\/wp\/v2\/types\/post"}],"author":[{"embeddable":true,"href":"https:\/\/portalmovil.com.ar\/index.php\/wp-json\/wp\/v2\/users\/2"}],"replies":[{"embeddable":true,"href":"https:\/\/portalmovil.com.ar\/index.php\/wp-json\/wp\/v2\/comments?post=73862"}],"version-history":[{"count":1,"href":"https:\/\/portalmovil.com.ar\/index.php\/wp-json\/wp\/v2\/posts\/73862\/revisions"}],"predecessor-version":[{"id":73863,"href":"https:\/\/portalmovil.com.ar\/index.php\/wp-json\/wp\/v2\/posts\/73862\/revisions\/73863"}],"wp:featuredmedia":[{"embeddable":true,"href":"https:\/\/portalmovil.com.ar\/index.php\/wp-json\/wp\/v2\/media\/62856"}],"wp:attachment":[{"href":"https:\/\/portalmovil.com.ar\/index.php\/wp-json\/wp\/v2\/media?parent=73862"}],"wp:term":[{"taxonomy":"category","embeddable":true,"href":"https:\/\/portalmovil.com.ar\/index.php\/wp-json\/wp\/v2\/categories?post=73862"},{"taxonomy":"post_tag","embeddable":true,"href":"https:\/\/portalmovil.com.ar\/index.php\/wp-json\/wp\/v2\/tags?post=73862"}],"curies":[{"name":"wp","href":"https:\/\/api.w.org\/{rel}","templated":true}]}}