{"id":7381,"date":"2020-06-06T21:37:23","date_gmt":"2020-06-07T00:37:23","guid":{"rendered":"http:\/\/portalmovil.com.ar\/?p=7381"},"modified":"2020-06-06T21:37:27","modified_gmt":"2020-06-07T00:37:27","slug":"alberto-fernandez-la-economia-se-destruye-por-la-pandemia-no-por-la-cuarentena","status":"publish","type":"post","link":"https:\/\/portalmovil.com.ar\/index.php\/2020\/06\/06\/alberto-fernandez-la-economia-se-destruye-por-la-pandemia-no-por-la-cuarentena\/","title":{"rendered":"Alberto Fern\u00e1ndez: \u00abLa econom\u00eda se destruye por la pandemia, no por la cuarentena\u00bb"},"content":{"rendered":"\n<p>El presidente\u00a0Alberto Fern\u00e1ndez\u00a0les respondi\u00f3 a los cr\u00edticos de la cuarentena que se lleva adelante en la Argentina, en medio de la pandemia por coronavirus. \u00abLa econom\u00eda se destruye por la pandemia, no por la cuarentena\u00bb, dijo, en declaraciones a radio LU5 Neuqu\u00e9n.<\/p>\n\n\n\n<p>\u00abGracias a la cuarentena, logramos que al malestar econ\u00f3mico no se le sume el padecimiento de salud, de vidas, de muertes\u00bb, dijo el mandatario, antes de almorzar junto al gobernador neuquino\u00a0Omar Guti\u00e9rrez.<\/p>\n\n\n\n<p>Fern\u00e1ndez visit\u00f3 este viernes la ciudad neuquina de Villa La Angostura, en donde inaugur\u00f3 una obra cloacal junto a Guti\u00e9rrez. Durante su recorrida, reconoci\u00f3 que la obra hab\u00eda comenzado bajo la administraci\u00f3n de Mauricio Macri, y llam\u00f3 a todo el arco pol\u00edtico a trabajar de conjunto para el escenario pospandemia.<\/p>\n\n\n\n<p>\u00abNadie cree que es grato restringir actividades\u00bb, dijo el mandatario. \u00abPero tengo claro de que cuando hacemos, eso nos cuidamos\u00bb.<\/p>\n\n\n\n<p>Luego, retom\u00f3 su comparaci\u00f3n entre Suecia y Noruega, sobre las maneras en que cada pa\u00eds administr\u00f3 la pandemia y el impacto que tuvo la estrategia. \u00abYo no estaba poniendo en tela de juicio a Suecia, que es una sociedad que admiro. Lo que dec\u00eda es que los resultados econ\u00f3micos son similares a Noruega.\u00a0Y la diferencia es entonces que en Noruega se salvaron vidas\u00bb, dijo Fern\u00e1ndez.\u00a0\u00abAlguna raz\u00f3n ten\u00edamos en lo que plante\u00e1bamos\u00bb, agreg\u00f3.<\/p>\n\n\n\n<p>\u00abLo que les pido a todos es un poco m\u00e1s de paciencia, y que cuiden su salud y la del pr\u00f3jimo\u00bb,\u00a0dijo el Presidente sobre la nueva fase de la cuarentena, que durar\u00e1 tres semanas, hasta el 28 de junio.<\/p>\n\n\n\n<p>\u00abEl secreto es potenciar los acuerdos y no los desencuentros\u00bb, dijo, consultado sobre su relaci\u00f3n con los gobernadores. \u00abCon Larreta puedo trabajar muy bien\u00bb, reiter\u00f3 sobre el jefe de Gobierno porte\u00f1o.\u00a0\u00abHay que respetar a todos. Cuando no lo respet\u00e1s porque tiene otro color pol\u00edtico, lo que no respet\u00e1s en realidad es al pueblo que lo eligi\u00f3\u00bb, dijo.<\/p>\n","protected":false},"excerpt":{"rendered":"<p>El presidente\u00a0Alberto Fern\u00e1ndez\u00a0les respondi\u00f3 a los cr\u00edticos de la cuarentena que se lleva adelante en la Argentina, en medio de la pandemia por coronavirus. \u00abLa econom\u00eda se destruye por la pandemia, no por la cuarentena\u00bb, dijo, en declaraciones a radio LU5 Neuqu\u00e9n. \u00abGracias a la cuarentena, logramos que al malestar econ\u00f3mico no se le sume &hellip;<\/p>\n","protected":false},"author":2,"featured_media":7382,"comment_status":"open","ping_status":"open","sticky":false,"template":"","format":"standard","meta":{"_jetpack_memberships_contains_paid_content":false,"footnotes":"","jetpack_publicize_message":"","jetpack_publicize_feature_enabled":true,"jetpack_social_post_already_shared":true,"jetpack_social_options":{"image_generator_settings":{"template":"highway","default_image_id":0,"font":"","enabled":false},"version":2}},"categories":[14],"tags":[],"class_list":["post-7381","post","type-post","status-publish","format-standard","has-post-thumbnail","hentry","category-politica"],"jetpack_publicize_connections":[],"jetpack_featured_media_url":"https:\/\/portalmovil.com.ar\/wp-content\/uploads\/2020\/06\/452586.jpg","jetpack_sharing_enabled":true,"amp_enabled":true,"_links":{"self":[{"href":"https:\/\/portalmovil.com.ar\/index.php\/wp-json\/wp\/v2\/posts\/7381","targetHints":{"allow":["GET"]}}],"collection":[{"href":"https:\/\/portalmovil.com.ar\/index.php\/wp-json\/wp\/v2\/posts"}],"about":[{"href":"https:\/\/portalmovil.com.ar\/index.php\/wp-json\/wp\/v2\/types\/post"}],"author":[{"embeddable":true,"href":"https:\/\/portalmovil.com.ar\/index.php\/wp-json\/wp\/v2\/users\/2"}],"replies":[{"embeddable":true,"href":"https:\/\/portalmovil.com.ar\/index.php\/wp-json\/wp\/v2\/comments?post=7381"}],"version-history":[{"count":1,"href":"https:\/\/portalmovil.com.ar\/index.php\/wp-json\/wp\/v2\/posts\/7381\/revisions"}],"predecessor-version":[{"id":7383,"href":"https:\/\/portalmovil.com.ar\/index.php\/wp-json\/wp\/v2\/posts\/7381\/revisions\/7383"}],"wp:featuredmedia":[{"embeddable":true,"href":"https:\/\/portalmovil.com.ar\/index.php\/wp-json\/wp\/v2\/media\/7382"}],"wp:attachment":[{"href":"https:\/\/portalmovil.com.ar\/index.php\/wp-json\/wp\/v2\/media?parent=7381"}],"wp:term":[{"taxonomy":"category","embeddable":true,"href":"https:\/\/portalmovil.com.ar\/index.php\/wp-json\/wp\/v2\/categories?post=7381"},{"taxonomy":"post_tag","embeddable":true,"href":"https:\/\/portalmovil.com.ar\/index.php\/wp-json\/wp\/v2\/tags?post=7381"}],"curies":[{"name":"wp","href":"https:\/\/api.w.org\/{rel}","templated":true}]}}