{"id":73790,"date":"2023-03-22T19:54:44","date_gmt":"2023-03-22T22:54:44","guid":{"rendered":"https:\/\/portalmovil.com.ar\/?p=73790"},"modified":"2023-03-22T19:55:27","modified_gmt":"2023-03-22T22:55:27","slug":"productor-de-gran-hermano-pedofilo-te-gustaria-salir-con-nenitos-de-esa-edad","status":"publish","type":"post","link":"https:\/\/portalmovil.com.ar\/index.php\/2023\/03\/22\/productor-de-gran-hermano-pedofilo-te-gustaria-salir-con-nenitos-de-esa-edad\/","title":{"rendered":"Productor de Gran Hermano ped\u00f3filo: \u201cTe gustar\u00eda salir con nenitos de esa edad\u201d"},"content":{"rendered":"\n<p>Marcelo Corazza, ganador de Gran Hermano 2001, fue detenido por una causa de trata y corrupci\u00f3n de menores. En medio de la investigaci\u00f3n, filtraron las aberrantes conversaciones que mantuvieron el presunto l\u00edder de la banda, Francisco Angelotti, y otros integrantes de la red.<\/p>\n\n\n\n<p>En este sentido, el lunes cuatro personas fueron arrestadas y acusadas de participar de una red de pedofilia donde abusaban sexualmente de menores de entre 11 y 14 a\u00f1os.<\/p>\n\n\n\n<p>Durante los operativos, la Polic\u00eda de la Ciudad de Buenos Aires y el personal de la Divisi\u00f3n de Trata de Personas incaut\u00f3 celulares, equipos tecnol\u00f3gicos y elementos necesarios para la investigaci\u00f3n. De all\u00ed, la causa incorpor\u00f3 m\u00e1s de 100 horas de grabaci\u00f3n que son desmenuzadas en la Justicia.<\/p>\n\n\n\n<p><strong>LOS CHATS<\/strong><\/p>\n\n\n\n<p>Seg\u00fan public\u00f3\u00a0<strong><em>Infobae<\/em>,<\/strong> se dieron a conocer una serie de mensajes que intercambiaron entre los integrantes de la banda, donde el principal apuntado era\u00a0<strong>Francisco Rolando Angelotti<\/strong>, el l\u00edder de la organizaci\u00f3n. Era \u00e9l el encargado de captar j\u00f3venes en Misiones y llevaros para Buenos Aires.<\/p>\n\n\n\n<p><strong>\u2014Francisco Rolando Angelotti<\/strong>:&nbsp;<em>Le dije escuchame&#8230; Te llevo ahora a los 18 cuando cumplas (&#8230;)&nbsp;<\/em><em><strong>Ma\u00f1ana cumple \u201c16\u2033 viste<\/strong><\/em><em>. En dos a\u00f1itos m\u00e1s, cuando cumpla 18, le dije: \u201c<\/em><em><strong>Te llevo a Miami. Vamos a Orlando, Disney<\/strong><\/em><em>. Y me dijo: \u201cBueno dale, dale, s\u00ed de una jaja&#8230;\u201d.<\/em><\/p>\n\n\n\n<p><strong>\u2014Andr\u00e9s Fernando Charpenet<\/strong>:<em>&nbsp;jajaja, claro!<\/em><\/p>\n\n\n\n<p><strong>\u2014F.R.A.<\/strong>:&nbsp;<em>Olvidate, te qued\u00e1s con Mickey Mouse. Bueno che, y vos&nbsp;<\/em><em><strong>\u00bfc\u00f3mo and\u00e1s con tu mini harem?<\/strong><\/em><\/p>\n\n\n\n<p><strong>\u2014A.F.C<\/strong>.:&nbsp;<em>Eh bien, el otro d\u00eda se me pudri\u00f3 el rancho jajaj.<\/em><\/p>\n\n\n\n<p><strong>\u2014F.R.A<\/strong>.:&nbsp;<em>Ah s\u00ed me dijiste, te arreglaste con \u00e9l.<\/em><\/p>\n\n\n\n<p><strong>\u2014A.F.C.<\/strong>:\u00a0<em>Ya todo bien, que s\u00e9 yo, como que ya me aburr\u00ed de los dos.<\/em><\/p>\n\n\n\n<h2 class=\"wp-block-heading\">En otro de los fragmentos extra\u00eddos por la justicia, en m\u00e1s de 100 horas de escuchas, se detect\u00f3 que \u201cRolo\u201d, el apodo del l\u00edder de la banda,&nbsp;<strong>se jactaba de estar con menores<\/strong>&nbsp;y apunt\u00f3 a que le \u201c<strong>ten\u00edan envidia\u201d<\/strong>.<\/h2>\n\n\n\n<p><strong>\u2014G.<\/strong>:&nbsp;<em>Si boludo pero es de jard\u00edn no me traigas al ni\u00f1o rata, ni a ese. Ven\u00ed con toda la gente que vos quieras, pero no esa visadita de jard\u00edn.<\/em><\/p>\n\n\n\n<p><strong>\u2014F.R.A.<\/strong>:&nbsp;<em>Aquella fiesta fui con X.<\/em><\/p>\n\n\n\n<p><strong>\u2014G.<\/strong>:&nbsp;<em>Pero vos no pod\u00e9s!&nbsp;<\/em><em><strong>Ese gur\u00ed es menor<\/strong><\/em><em>.<\/em><\/p>\n\n\n\n<p><strong>\u2014F.R.A.<\/strong>:&nbsp;<em>Es una fiesta clandestina.<\/em><\/p>\n\n\n\n<p><strong>\u2014G.<\/strong>:&nbsp;<em><strong>Igual es menor<\/strong><\/em>.<\/p>\n\n\n\n<p><strong>\u2014F.R.A.<\/strong>:&nbsp;<em><strong>No me interesa<\/strong><\/em><em>.<\/em><\/p>\n\n\n\n<p><strong>\u2014G.<\/strong>:&nbsp;<em><strong>Ten\u00e9s 50 a\u00f1os<\/strong><\/em><em>.<\/em><\/p>\n\n\n\n<p><strong>\u2014F.R.A.<\/strong>:&nbsp;<em><strong>Vos me ten\u00e9s envidia porque te gustar\u00eda salir con nenitos de esa edad<\/strong><\/em><em>.<\/em><\/p>\n\n\n\n<p><strong>\u2014G.<\/strong>:\u00a0<em><strong>Ten\u00e9s 50, hijo de puta<\/strong>.<\/em><\/p>\n\n\n\n<h2 class=\"wp-block-heading\">Otro de los chats con fecha del pasado 7 de diciembre,&nbsp;<strong>Charpenet&nbsp;<\/strong>le cont\u00f3 a&nbsp;<strong>Angelotti<\/strong>&nbsp;que&nbsp;<strong>se meti\u00f3 en una aplicaci\u00f3n<\/strong>&nbsp;donde conoci\u00f3 a un joven que aparentaba&nbsp;<strong>no haber terminado el colegio<\/strong>. El l\u00edder de la banda \u201cse quej\u00f3\u201d porque estaba con \u201c<strong>un chiquit\u00edn que no prest\u00e1s<\/strong>\u201d.<\/h2>\n\n\n\n<p><strong>\u2014Andr\u00e9s Fernando Charpenet<\/strong>:&nbsp;<em>Ah par\u00e1, te cuento.<\/em><\/p>\n\n\n\n<p><strong>\u2014Francisco Rolando Angelotti<\/strong>:&nbsp;<em>A ver&#8230;<\/em><\/p>\n\n\n\n<p><strong>\u2014A.F.C.<\/strong>:&nbsp;<em>Me pescaron infraganti.<\/em><\/p>\n\n\n\n<p><strong>\u2014F.R.A.<\/strong>:&nbsp;<em>C\u00f3mo.<\/em><\/p>\n\n\n\n<p><strong>\u2014A.F.C.<\/strong>:&nbsp;<em>Viste que yo tengo dos.<\/em><\/p>\n\n\n\n<p><strong>\u2014F.R.A.<\/strong>:&nbsp;<em>Si<\/em><\/p>\n\n\n\n<p><strong>\u2014A.F.C.<\/strong>:&nbsp;<em>Tengo a X. que ser\u00eda como el oficial.<\/em><\/p>\n\n\n\n<p><strong>\u2014F.R.A.<\/strong>:&nbsp;<em>S\u00ed.<\/em><\/p>\n\n\n\n<p><strong>\u2014A.F.C.<\/strong>:&nbsp;<em><strong>Y tengo al chiquit\u00edn que fue el que te mostr\u00e9 la foto&nbsp;<\/strong><\/em><em>y despu\u00e9s la borr\u00e9.<\/em><\/p>\n\n\n\n<p><strong>\u2014F.R.A.<\/strong>:&nbsp;<em>Que no prest\u00e1s&#8230;<\/em><\/p>\n\n\n\n<p><strong>\u2014A.F.C.<\/strong>:\u00a0<em>Que no presto, bueno qu\u00e9 pasa? Me meto en la aplicaci\u00f3n y nada me puse hablar con uno y esta semana es la fiesta de egresados.<strong>\u00a0Bueno le compr\u00e9 la ropa al nene todo viste<\/strong>.<\/em><\/p>\n\n\n\n<p>En otro tramo, Charpenet habla con Ra\u00fal Ignacio Mermet, quien lo felicita por haber estado con un menor de edad, comparando ese acto con el de un manjar.<\/p>\n\n\n\n<p><strong>\u2014Ra\u00fal Ignacio Mermet<\/strong>:&nbsp;<em>Sos un capo boludo, \u00bfeso&nbsp;<\/em><em><strong>es como comer carne de ternera&nbsp;<\/strong><\/em><em>m\u00e1s o menos no?<\/em><\/p>\n\n\n\n<p><strong>\u2014Andr\u00e9s Fernando Charpenet<\/strong>:&nbsp;<em>Es como comer&nbsp;<\/em><em><strong>caviar<\/strong><\/em><em>.<\/em><\/p>\n\n\n\n<p><strong>\u2014R.I.M.<\/strong>:&nbsp;<em>Con la mano, con la cucharita lo cortas \u00bfno?<\/em><\/p>\n\n\n\n<p><strong>\u2014A.F.C.<\/strong>:&nbsp;<em>El sensei va a estar orgulloso de m\u00ed, pero pasa que me fui de mambo.<\/em><\/p>\n\n\n\n<p><strong>\u2014R.I.M.<\/strong>:&nbsp;<em><strong>A vos no te gusta la merca vieja<\/strong><\/em><em>, me parece bien.<\/em><\/p>\n","protected":false},"excerpt":{"rendered":"<p>Marcelo Corazza, ganador de Gran Hermano 2001, fue detenido por una causa de trata y corrupci\u00f3n de menores. En medio de la investigaci\u00f3n, filtraron las aberrantes conversaciones que mantuvieron el presunto l\u00edder de la banda, Francisco Angelotti, y otros integrantes de la red. En este sentido, el lunes cuatro personas fueron arrestadas y acusadas de &hellip;<\/p>\n","protected":false},"author":2,"featured_media":73792,"comment_status":"open","ping_status":"open","sticky":false,"template":"","format":"standard","meta":{"_jetpack_memberships_contains_paid_content":false,"footnotes":"","jetpack_publicize_message":"","jetpack_publicize_feature_enabled":true,"jetpack_social_post_already_shared":true,"jetpack_social_options":{"image_generator_settings":{"template":"highway","default_image_id":0,"font":"","enabled":false},"version":2}},"categories":[639,50],"tags":[],"class_list":["post-73790","post","type-post","status-publish","format-standard","has-post-thumbnail","hentry","category-argentina","category-judiciales"],"jetpack_publicize_connections":[],"jetpack_featured_media_url":"https:\/\/portalmovil.com.ar\/wp-content\/uploads\/2023\/03\/899b839a-d751-472e-b18b-ab1af3038052.jpg","jetpack_sharing_enabled":true,"amp_enabled":true,"_links":{"self":[{"href":"https:\/\/portalmovil.com.ar\/index.php\/wp-json\/wp\/v2\/posts\/73790","targetHints":{"allow":["GET"]}}],"collection":[{"href":"https:\/\/portalmovil.com.ar\/index.php\/wp-json\/wp\/v2\/posts"}],"about":[{"href":"https:\/\/portalmovil.com.ar\/index.php\/wp-json\/wp\/v2\/types\/post"}],"author":[{"embeddable":true,"href":"https:\/\/portalmovil.com.ar\/index.php\/wp-json\/wp\/v2\/users\/2"}],"replies":[{"embeddable":true,"href":"https:\/\/portalmovil.com.ar\/index.php\/wp-json\/wp\/v2\/comments?post=73790"}],"version-history":[{"count":1,"href":"https:\/\/portalmovil.com.ar\/index.php\/wp-json\/wp\/v2\/posts\/73790\/revisions"}],"predecessor-version":[{"id":73793,"href":"https:\/\/portalmovil.com.ar\/index.php\/wp-json\/wp\/v2\/posts\/73790\/revisions\/73793"}],"wp:featuredmedia":[{"embeddable":true,"href":"https:\/\/portalmovil.com.ar\/index.php\/wp-json\/wp\/v2\/media\/73792"}],"wp:attachment":[{"href":"https:\/\/portalmovil.com.ar\/index.php\/wp-json\/wp\/v2\/media?parent=73790"}],"wp:term":[{"taxonomy":"category","embeddable":true,"href":"https:\/\/portalmovil.com.ar\/index.php\/wp-json\/wp\/v2\/categories?post=73790"},{"taxonomy":"post_tag","embeddable":true,"href":"https:\/\/portalmovil.com.ar\/index.php\/wp-json\/wp\/v2\/tags?post=73790"}],"curies":[{"name":"wp","href":"https:\/\/api.w.org\/{rel}","templated":true}]}}