{"id":73686,"date":"2023-03-21T12:09:39","date_gmt":"2023-03-21T15:09:39","guid":{"rendered":"https:\/\/portalmovil.com.ar\/?p=73686"},"modified":"2023-03-21T12:09:42","modified_gmt":"2023-03-21T15:09:42","slug":"otro-golpe-al-bolsillo-el-pan-aumentara-en-los-proximos-dias-con-un-valor-de-450-pesos","status":"publish","type":"post","link":"https:\/\/portalmovil.com.ar\/index.php\/2023\/03\/21\/otro-golpe-al-bolsillo-el-pan-aumentara-en-los-proximos-dias-con-un-valor-de-450-pesos\/","title":{"rendered":"Otro golpe al bolsillo: el pan aumentar\u00e1 en los pr\u00f3ximos d\u00edas con un valor de $450 pesos"},"content":{"rendered":"\n<p><strong>Alejandro L\u00f3pez<\/strong>, presidente del Centro de Industriales Panaderos del Chaco, quien explic\u00f3 el motivo de este incremento, de cu\u00e1nto ser\u00e1 la suba y cu\u00e1ndo se comenzar\u00e1 a implementar.&nbsp;<\/p>\n\n\n\n<p>\u00abS\u00ed, sacamos un comunicado de prensa\u00a0<strong>anunciando entre un 10 y un 15% de incremento<\/strong>,\u00a0no solo en el pan, sino en todos los productos, ya que la \u00faltima vez que aumentamos fue en la primera semana de febrero\u00bb, indic\u00f3 L\u00f3pez.<\/p>\n\n\n\n<p>En esa l\u00ednea, el presidente del Centro de Industriales Panaderos del Chaco se\u00f1al\u00f3 que \u00ab<strong>intentamos aguantar porque vemos las flojas ventas y la baja producci\u00f3n<\/strong>\u00ab, pero \u00abya es inevitable porque si no lo aumentamos ahora, despu\u00e9s el incremento va a ser m\u00e1s duro y va a pegar un impacto m\u00e1s fuerte\u00bb.<ins><\/ins><\/p>\n\n\n\n<p>De esa manera, L\u00f3pez remarc\u00f3: \u00abEntonces decidimos anunciar un&nbsp;<strong>incremento de un 10 o 15%<\/strong>&nbsp;en todos los productos\u00bb.&nbsp;<\/p>\n\n\n\n<p>Sobre cu\u00e1ndo y cu\u00e1nto ser\u00e1 el precio, precis\u00f3: \u00abLos aumentos se van a&nbsp;<strong>comenzar a implementar en los pr\u00f3ximos d\u00edas<\/strong>&nbsp;y el precios sugerido para el pan&nbsp;<strong>ronda entre los 380 y 450 pesos<\/strong>&nbsp;\u00ab.&nbsp;<\/p>\n","protected":false},"excerpt":{"rendered":"<p>Alejandro L\u00f3pez, presidente del Centro de Industriales Panaderos del Chaco, quien explic\u00f3 el motivo de este incremento, de cu\u00e1nto ser\u00e1 la suba y cu\u00e1ndo se comenzar\u00e1 a implementar.&nbsp; \u00abS\u00ed, sacamos un comunicado de prensa\u00a0anunciando entre un 10 y un 15% de incremento,\u00a0no solo en el pan, sino en todos los productos, ya que la \u00faltima &hellip;<\/p>\n","protected":false},"author":2,"featured_media":67362,"comment_status":"open","ping_status":"open","sticky":false,"template":"","format":"standard","meta":{"_jetpack_memberships_contains_paid_content":false,"footnotes":"","jetpack_publicize_message":"","jetpack_publicize_feature_enabled":true,"jetpack_social_post_already_shared":true,"jetpack_social_options":{"image_generator_settings":{"template":"highway","default_image_id":0,"font":"","enabled":false},"version":2}},"categories":[28,5],"tags":[],"class_list":["post-73686","post","type-post","status-publish","format-standard","has-post-thumbnail","hentry","category-actualidad","category-chaco"],"jetpack_publicize_connections":[],"jetpack_featured_media_url":"https:\/\/portalmovil.com.ar\/wp-content\/uploads\/2022\/11\/6dc18da0-2b9d-464b-8cad-0f94daf36809.jpg","jetpack_sharing_enabled":true,"amp_enabled":true,"_links":{"self":[{"href":"https:\/\/portalmovil.com.ar\/index.php\/wp-json\/wp\/v2\/posts\/73686","targetHints":{"allow":["GET"]}}],"collection":[{"href":"https:\/\/portalmovil.com.ar\/index.php\/wp-json\/wp\/v2\/posts"}],"about":[{"href":"https:\/\/portalmovil.com.ar\/index.php\/wp-json\/wp\/v2\/types\/post"}],"author":[{"embeddable":true,"href":"https:\/\/portalmovil.com.ar\/index.php\/wp-json\/wp\/v2\/users\/2"}],"replies":[{"embeddable":true,"href":"https:\/\/portalmovil.com.ar\/index.php\/wp-json\/wp\/v2\/comments?post=73686"}],"version-history":[{"count":1,"href":"https:\/\/portalmovil.com.ar\/index.php\/wp-json\/wp\/v2\/posts\/73686\/revisions"}],"predecessor-version":[{"id":73687,"href":"https:\/\/portalmovil.com.ar\/index.php\/wp-json\/wp\/v2\/posts\/73686\/revisions\/73687"}],"wp:featuredmedia":[{"embeddable":true,"href":"https:\/\/portalmovil.com.ar\/index.php\/wp-json\/wp\/v2\/media\/67362"}],"wp:attachment":[{"href":"https:\/\/portalmovil.com.ar\/index.php\/wp-json\/wp\/v2\/media?parent=73686"}],"wp:term":[{"taxonomy":"category","embeddable":true,"href":"https:\/\/portalmovil.com.ar\/index.php\/wp-json\/wp\/v2\/categories?post=73686"},{"taxonomy":"post_tag","embeddable":true,"href":"https:\/\/portalmovil.com.ar\/index.php\/wp-json\/wp\/v2\/tags?post=73686"}],"curies":[{"name":"wp","href":"https:\/\/api.w.org\/{rel}","templated":true}]}}