{"id":73583,"date":"2023-03-19T01:58:00","date_gmt":"2023-03-19T04:58:00","guid":{"rendered":"https:\/\/portalmovil.com.ar\/?p=73583"},"modified":"2023-03-19T12:00:43","modified_gmt":"2023-03-19T15:00:43","slug":"festival-de-san-patricio-martinez-resalto-la-importancia-de-apoyar-a-cerveceros-locales","status":"publish","type":"post","link":"https:\/\/portalmovil.com.ar\/index.php\/2023\/03\/19\/festival-de-san-patricio-martinez-resalto-la-importancia-de-apoyar-a-cerveceros-locales\/","title":{"rendered":"Festival de San Patricio: Mart\u00ednez resalt\u00f3 la importancia de apoyar a cerveceros locales"},"content":{"rendered":"\n<p>El intendente, Gustavo Mart\u00ednez, se refiri\u00f3 al Festival de San Patricio que convoc\u00f3 a cientos de vecinos, vecinas de Resistencia y turistas de la regi\u00f3n, durante este viernes y s\u00e1bado en la pista de atletismo del Parque Intercultural 2 de Febrero. En ese marco, el Intendente de la capital chaque\u00f1a hizo hincapi\u00e9 en los cuidados que exige la gesti\u00f3n municipal a los emprendimientos gastron\u00f3micos, y como protege a los empresarios locales para seguir expandiendo la econom\u00eda de la Ciudad.<\/p>\n\n\n\n<p>Sobre el primer punto, Mart\u00ednez sostuvo que \u201ctodos los foodtrucks cocinan con suministro de energ\u00eda el\u00e9ctrica y todos tienen carnet de manipulador de alimentos expedidos y exigidos por bromatolog\u00eda de la Municipalidad\u201d.<\/p>\n\n\n\n<p>Ante la negativa a la utilizaci\u00f3n de garrafas, el Jefe comunal explic\u00f3 que \u201ccocinar de esa manera es un gran riesgo que no se puede permitir, ya que el peligro est\u00e1 latente porque es un contexto donde el p\u00fablico fuma y adem\u00e1s hay gran cantidad de motos; con una moto que pierda aceite o una colilla encendida que tome contacto con el fuego, se puede producir una tragedia\u201d.<\/p>\n\n\n\n<p>En igual sentido, remarc\u00f3 que \u201cno se puede ir en detrimento de las vidas de las personas o de los emprendedores y empresarios locales\u201d, y agreg\u00f3 que \u201chay que ser responsable\u201d.<\/p>\n\n\n\n<p>Tambi\u00e9n se refiri\u00f3 a la venta ambulante de cervezas industriales, afirmando que \u201cse trabaj\u00f3 para que m\u00e1s de 30 cervecer\u00edas artesanales provoquen una expansi\u00f3n econ\u00f3mica en la ciudad, y no es justo que al lado de un stand de cerveza artesanal se coloque un tacho con latas de cervezas industriales para venderlas en promoci\u00f3n\u201d.<\/p>\n\n\n\n<p>Consider\u00f3 que \u201ceso perjudicar\u00eda a la industria cervecera porque estos emprendedores llevan adelante con su inversi\u00f3n la infraestructura para producir cerveza y alimentos con seguridad, eso tiene sus costos y necesitan vender para poder seguir creciendo\u201d.<\/p>\n\n\n\n<p>Adem\u00e1s, indic\u00f3 que \u201cesta fiesta de San Patricio genera trabajo, motoriza la actividad econ\u00f3mica, visibiliza a Resistencia en el norte de la Argentina y permite el crecimiento\u201d, y a\u00f1adi\u00f3 que \u201ces una apuesta para que la capital chaque\u00f1a sea un centro de eventos que atraiga visitantes, siempre contando con el trabajo mancomunado del sector p\u00fablico y privado\u201d.<\/p>\n\n\n\n<p><strong>EL EVENTO<\/strong><\/p>\n\n\n\n<p>Gracias al trabajo articulado entre la gesti\u00f3n municipal de Resistencia, Cerveceros del Litoral y la Asociaci\u00f3n de Foodtrucks del NEA, este Festival de San Patricio cont\u00f3 con m\u00e1s de 100 estilos diferentes de cerveza provistos por m\u00e1s de 30 cerveceros y 45 foodtrucks con distintas propuestas gastron\u00f3micas. Tambi\u00e9n hubo diferentes espect\u00e1culos musicales, entre los que destacan el DJ Nico Vallonari y Santiago Motorizado.<\/p>\n","protected":false},"excerpt":{"rendered":"<p>El intendente, Gustavo Mart\u00ednez, se refiri\u00f3 al Festival de San Patricio que convoc\u00f3 a cientos de vecinos, vecinas de Resistencia y turistas de la regi\u00f3n, durante este viernes y s\u00e1bado en la pista de atletismo del Parque Intercultural 2 de Febrero. En ese marco, el Intendente de la capital chaque\u00f1a hizo hincapi\u00e9 en los cuidados &hellip;<\/p>\n","protected":false},"author":2,"featured_media":73584,"comment_status":"open","ping_status":"open","sticky":false,"template":"","format":"standard","meta":{"_jetpack_memberships_contains_paid_content":false,"footnotes":"","jetpack_publicize_message":"","jetpack_publicize_feature_enabled":true,"jetpack_social_post_already_shared":true,"jetpack_social_options":{"image_generator_settings":{"template":"highway","default_image_id":0,"font":"","enabled":false},"version":2}},"categories":[14,37],"tags":[],"class_list":["post-73583","post","type-post","status-publish","format-standard","has-post-thumbnail","hentry","category-politica","category-resistencia"],"jetpack_publicize_connections":[],"jetpack_featured_media_url":"https:\/\/portalmovil.com.ar\/wp-content\/uploads\/2023\/03\/CERVEZA-2-696x464-1.jpg","jetpack_sharing_enabled":true,"amp_enabled":true,"_links":{"self":[{"href":"https:\/\/portalmovil.com.ar\/index.php\/wp-json\/wp\/v2\/posts\/73583","targetHints":{"allow":["GET"]}}],"collection":[{"href":"https:\/\/portalmovil.com.ar\/index.php\/wp-json\/wp\/v2\/posts"}],"about":[{"href":"https:\/\/portalmovil.com.ar\/index.php\/wp-json\/wp\/v2\/types\/post"}],"author":[{"embeddable":true,"href":"https:\/\/portalmovil.com.ar\/index.php\/wp-json\/wp\/v2\/users\/2"}],"replies":[{"embeddable":true,"href":"https:\/\/portalmovil.com.ar\/index.php\/wp-json\/wp\/v2\/comments?post=73583"}],"version-history":[{"count":1,"href":"https:\/\/portalmovil.com.ar\/index.php\/wp-json\/wp\/v2\/posts\/73583\/revisions"}],"predecessor-version":[{"id":73585,"href":"https:\/\/portalmovil.com.ar\/index.php\/wp-json\/wp\/v2\/posts\/73583\/revisions\/73585"}],"wp:featuredmedia":[{"embeddable":true,"href":"https:\/\/portalmovil.com.ar\/index.php\/wp-json\/wp\/v2\/media\/73584"}],"wp:attachment":[{"href":"https:\/\/portalmovil.com.ar\/index.php\/wp-json\/wp\/v2\/media?parent=73583"}],"wp:term":[{"taxonomy":"category","embeddable":true,"href":"https:\/\/portalmovil.com.ar\/index.php\/wp-json\/wp\/v2\/categories?post=73583"},{"taxonomy":"post_tag","embeddable":true,"href":"https:\/\/portalmovil.com.ar\/index.php\/wp-json\/wp\/v2\/tags?post=73583"}],"curies":[{"name":"wp","href":"https:\/\/api.w.org\/{rel}","templated":true}]}}