{"id":73550,"date":"2023-03-18T07:33:00","date_gmt":"2023-03-18T10:33:00","guid":{"rendered":"https:\/\/portalmovil.com.ar\/?p=73550"},"modified":"2023-03-18T19:36:38","modified_gmt":"2023-03-18T22:36:38","slug":"entregaron-titulos-de-propiedad-a-familias-de-resistencia-y-fontana","status":"publish","type":"post","link":"https:\/\/portalmovil.com.ar\/index.php\/2023\/03\/18\/entregaron-titulos-de-propiedad-a-familias-de-resistencia-y-fontana\/","title":{"rendered":"Entregaron t\u00edtulos de propiedad a familias de Resistencia y Fontana"},"content":{"rendered":"\n<p>El gobernador Jorge Capitanich entreg\u00f3 este s\u00e1bado unas 400 escrituras traslativas de dominio de viviendas urbanas, destinadas a familias de Resistencia y Fontana. El acto tuvo lugar en el Centro de Convenciones Gala, y forma parte de las pol\u00edticas de regularizaci\u00f3n, desarrollo urbano y ordenamiento territorial que impulsa el Gobierno provincial, con el objetivo de garantizar seguridad jur\u00eddica a m\u00e1s familias.<\/p>\n\n\n\n<p><br>\u201cEstamos cumpliendo con una reivindicaci\u00f3n que se merecen y se merecieron durante tantos a\u00f1os, estamos cumpliendo con nuestro deber y nuestra responsabilidad\u201d, destac\u00f3 Capitanich, quien valor\u00f3 la importancia de la medida, asegurando que \u201cconstruir un patrimonio se inicia con el t\u00edtulo de propiedad urbana de la tierra\u201d. Adem\u00e1s, ratific\u00f3 la meta de su gesti\u00f3n de alcanzar los 33.000 t\u00edtulos de propiedad entregados para 2023.<\/p>\n\n\n\n<p>Las familias beneficiarias residen en los barrios Ni\u00f1o Jes\u00fas, San Pablo, Jes\u00fas de Nazaret, San Valent\u00edn, Encanto I y II, Don Andr\u00e9s, Los \u00c1ngeles, Vista Linda y Villa Los Lirios de Resistencia; y de la localidad de Fontana, en los barrios Quebracho, Santa B\u00e1rbara, y Malvinas Argentinas. Del total de las escrituras, el 70% se otorg\u00f3 a favor de mujeres, garantizando el derecho a la inclusi\u00f3n y las garant\u00edas sociales y como medida precautoria ante situaciones de conflicto.<\/p>\n\n\n\n<p>Entrega de t\u00edtulos de propiedad.<\/p>\n\n\n\n<p>Dirigi\u00e9ndose a los vecinos, el mandatario expres\u00f3 adem\u00e1s que el t\u00edtulo de propiedad \u201ces importante, porque es el legado para sus hijos y para sus nietos. Queremos que el terreno y la vivienda que se han construido con mucho esfuerzo, no los vendan, sino que sean para promover el arraigo, para consolidar la familia\u201d, subray\u00f3.<\/p>\n\n\n\n<p>Se trata de una pol\u00edtica que requiere la coordinaci\u00f3n de diversos estamentos del Estado y una serie de instancias administrativas. Es as\u00ed que en acuerdo con el Colegio de Escribanos y el Consejo de Agrimensores, se consensu\u00f3 una matriz de servicios a valor social con actualizaci\u00f3n anual, que reduce el 70% el costo de los servicios de agrimensura y escritura, comparado con el valor del tr\u00e1mite si se hiciera de manera individual.<\/p>\n\n\n\n<p>El Estado provincial brinda de manera gratuita todo el procedimiento para llegar a la escritura traslativa de dominio, y la escritura social incluye una hipoteca sobre la base del valor fiscal que determina el municipio, con un per\u00edodo de pago de hasta 20 a\u00f1os.<\/p>\n\n\n\n<p>\u201cEstamos cumpliendo distintas metas progresivas de un plan para 51 barrios con casi 13 mil t\u00edtulos de propiedad urbana en el \u00e1rea del Gran Resistencia, pero queremos llegar a 33 mil. Vemos distintos barrios que han sido asentamientos, que se han ido consolidando y que hoy tienen una reivindicaci\u00f3n hist\u00f3rica que es el legado para sus hijos y nietos\u201d, asegur\u00f3, y agreg\u00f3 que en paralelo a estos 400 t\u00edtulos, se est\u00e1 trabajando en otros 900 en 15 barrios y as\u00ed hasta llegar a los 51 barrios.<\/p>\n","protected":false},"excerpt":{"rendered":"<p>El gobernador Jorge Capitanich entreg\u00f3 este s\u00e1bado unas 400 escrituras traslativas de dominio de viviendas urbanas, destinadas a familias de Resistencia y Fontana. El acto tuvo lugar en el Centro de Convenciones Gala, y forma parte de las pol\u00edticas de regularizaci\u00f3n, desarrollo urbano y ordenamiento territorial que impulsa el Gobierno provincial, con el objetivo de &hellip;<\/p>\n","protected":false},"author":2,"featured_media":73551,"comment_status":"open","ping_status":"open","sticky":false,"template":"","format":"standard","meta":{"_jetpack_memberships_contains_paid_content":false,"footnotes":"","jetpack_publicize_message":"","jetpack_publicize_feature_enabled":true,"jetpack_social_post_already_shared":true,"jetpack_social_options":{"image_generator_settings":{"template":"highway","default_image_id":0,"font":"","enabled":false},"version":2}},"categories":[5,14,12],"tags":[],"class_list":["post-73550","post","type-post","status-publish","format-standard","has-post-thumbnail","hentry","category-chaco","category-politica","category-ultimo"],"jetpack_publicize_connections":[],"jetpack_featured_media_url":"https:\/\/portalmovil.com.ar\/wp-content\/uploads\/2023\/03\/64160ff385b30957749725.jpg","jetpack_sharing_enabled":true,"amp_enabled":true,"_links":{"self":[{"href":"https:\/\/portalmovil.com.ar\/index.php\/wp-json\/wp\/v2\/posts\/73550","targetHints":{"allow":["GET"]}}],"collection":[{"href":"https:\/\/portalmovil.com.ar\/index.php\/wp-json\/wp\/v2\/posts"}],"about":[{"href":"https:\/\/portalmovil.com.ar\/index.php\/wp-json\/wp\/v2\/types\/post"}],"author":[{"embeddable":true,"href":"https:\/\/portalmovil.com.ar\/index.php\/wp-json\/wp\/v2\/users\/2"}],"replies":[{"embeddable":true,"href":"https:\/\/portalmovil.com.ar\/index.php\/wp-json\/wp\/v2\/comments?post=73550"}],"version-history":[{"count":1,"href":"https:\/\/portalmovil.com.ar\/index.php\/wp-json\/wp\/v2\/posts\/73550\/revisions"}],"predecessor-version":[{"id":73552,"href":"https:\/\/portalmovil.com.ar\/index.php\/wp-json\/wp\/v2\/posts\/73550\/revisions\/73552"}],"wp:featuredmedia":[{"embeddable":true,"href":"https:\/\/portalmovil.com.ar\/index.php\/wp-json\/wp\/v2\/media\/73551"}],"wp:attachment":[{"href":"https:\/\/portalmovil.com.ar\/index.php\/wp-json\/wp\/v2\/media?parent=73550"}],"wp:term":[{"taxonomy":"category","embeddable":true,"href":"https:\/\/portalmovil.com.ar\/index.php\/wp-json\/wp\/v2\/categories?post=73550"},{"taxonomy":"post_tag","embeddable":true,"href":"https:\/\/portalmovil.com.ar\/index.php\/wp-json\/wp\/v2\/tags?post=73550"}],"curies":[{"name":"wp","href":"https:\/\/api.w.org\/{rel}","templated":true}]}}