{"id":7355,"date":"2020-06-06T00:45:38","date_gmt":"2020-06-06T03:45:38","guid":{"rendered":"http:\/\/portalmovil.com.ar\/?p=7355"},"modified":"2020-06-06T00:45:42","modified_gmt":"2020-06-06T03:45:42","slug":"capitanich-y-cafiero-recorrieron-el-barrio-toba-y-el-hospital-de-fontana","status":"publish","type":"post","link":"https:\/\/portalmovil.com.ar\/index.php\/2020\/06\/06\/capitanich-y-cafiero-recorrieron-el-barrio-toba-y-el-hospital-de-fontana\/","title":{"rendered":"Capitanich y Cafiero recorrieron el barrio Toba y el hospital de Fontana"},"content":{"rendered":"\n<p>El gobernador Jorge Capitanich recibi\u00f3 este viernes la visita del jefe de Gabinete de Ministros de la Naci\u00f3n Santiago Cafiero y a la secretar\u00eda de Acceso a la Salud, Carla Vizzotti, que llegaron a la provincia para interiorizarse sobre la situaci\u00f3n generalizada por Covid-19. Supervisaron el funcionamiento del hospital de Fontana, las medidas de contenci\u00f3n en el barrio Toba y la reactivaci\u00f3n de la actividad textil de la empresa de Puerto Tirol.<\/p>\n\n\n\n<p>Tras recorrer el barrio Toba y monitorear la evoluci\u00f3n favorable de los casos, Capitanich manifest\u00f3: \u201cLo que queremos reafirmar categ\u00f3ricamente es el compromiso, apoyo y respaldo del presidente de la Naci\u00f3n, Alberto Fern\u00e1ndez, y de todo su equipo con el objeto de avanzar en todas las obras que estamos ejecutando en el complejo Gran Toba\u201d.<\/p>\n\n\n\n<p>Con inversi\u00f3n nacional, el Gobierno provincial construir\u00e1 101 viviendas que hab\u00edan quedado inconclusas en el 2015, y reafirm\u00f3 la realizaci\u00f3n de otras \u201c99 viviendas m\u00e1s que tienen que ver con la relocalizaci\u00f3n de asentamientos existentes\u201d. Adem\u00e1s con recursos propios se har\u00e1n obras de pavimento urbano, iluminaci\u00f3n con tecnolog\u00eda led, m\u00e1s de 400 conexiones domiciliarias de cloacas y conexiones domiciliarias de agua potable.&nbsp;<\/p>\n\n\n\n<p>Tambi\u00e9n se construir\u00e1 un polideportivo, con la refacci\u00f3n integral de la infraestructura escolar, el incremento y la expansi\u00f3n de la capacidad instalada del centro de salud, la incorporaci\u00f3n de camas para internaci\u00f3n, y especialmente la posibilidad de trabajar en un centro de control de adicciones en el barrio, como una de las grandes demandas, as\u00ed como la mejora del destacamento policial y la incorporaci\u00f3n de ambulancias.<\/p>\n\n\n\n<p>El jefe de Gabinete destac\u00f3 el esfuerzo del gobernador y de la Provincia, insistiendo en que \u201cel objetivo del Gobierno nacional y del presidente Alberto Fern\u00e1ndez es cuidar la salud, cuidar la vida y cuidar la econom\u00eda acompa\u00f1ando a todos los gobernadores\u201d.&nbsp;<\/p>\n\n\n\n<p>Por eso durante la recorrida trabajaron en c\u00f3mo implementar el Programa Detectar en el ejido urbano del Gran Resistencia, desarrollado desde el Ministerio de Salud, a fin de adaptar las pr\u00e1cticas sugeridas y aconsejadas con protocolos correspondientes. La comitiva del Gobierno nacional que acompa\u00f1\u00f3 a Cafiero y Vizzotti tambi\u00e9n estuvo compuesta por el subsecretario de Asuntos Municipales Tato Giles y el subsecretario de Relaciones Institucionales y de Gobierno Sebasti\u00e1n Benitez Molas.<\/p>\n\n\n\n<p>\u201cCon el equipo estamos trabajando en las mejores herramientas de cuidado, de detecci\u00f3n y aislamiento. Vemos que en el mundo no se ha encontrado todav\u00eda la vacuna, solamente nos queda el cuidado individual y convertirla en responsabilidad colectiva. Lo estamos haciendo con responsabilidad, con carga valorativa, con compromiso y convicci\u00f3n\u201d, sintetiz\u00f3 Cafiero en alusi\u00f3n a las prioridades del Gobierno.<\/p>\n\n\n\n<p>En Resistencia visitaron la sala de situaci\u00f3n del comando de operaciones ubicado en las instalaciones de la Direcci\u00f3n Provincial de Defensa Civil, donde realizaron una exposici\u00f3n detallada de la situaci\u00f3n a partir de los indicadores, efectos posibles de las medidas, consecuencias, y el mejoramiento de pol\u00edticas de car\u00e1cter preventivo.<\/p>\n\n\n\n<p>En Fontana recorrieron el Hospital \u201cLuis Fleitas\u201d en el que el mandatario provincial destac\u00f3 la inversi\u00f3n y la transformaci\u00f3n que se logr\u00f3 en el nosocomio en materia de infraestructura \u201ccon el objeto de abastecer las demandas sanitarias de la regi\u00f3n\u201d.<\/p>\n\n\n\n<figure class=\"wp-block-image size-large\"><img loading=\"lazy\" decoding=\"async\" width=\"850\" height=\"550\" src=\"https:\/\/portalmovil.com.ar\/wp-content\/uploads\/2020\/06\/7e6e971954a3eb65f73d3cf98a439880.jpg\" alt=\"\" class=\"wp-image-7356\" srcset=\"https:\/\/portalmovil.com.ar\/wp-content\/uploads\/2020\/06\/7e6e971954a3eb65f73d3cf98a439880.jpg 850w, https:\/\/portalmovil.com.ar\/wp-content\/uploads\/2020\/06\/7e6e971954a3eb65f73d3cf98a439880-300x194.jpg 300w, https:\/\/portalmovil.com.ar\/wp-content\/uploads\/2020\/06\/7e6e971954a3eb65f73d3cf98a439880-768x497.jpg 768w\" sizes=\"auto, (max-width: 850px) 100vw, 850px\" \/><\/figure>\n\n\n\n<p>El Gobierno nacional trajo al Chaco 8 mil test serol\u00f3gicos como aporte. En paralelo, desde el jueves se vienen tomando muestras para los posibles pacientes \u201ca fin de captar esos casos, trabajarlos, cuidarlos a ellos y sus familias con la mayor premura posible\u201d, indic\u00f3 el Jefe de Ministros.&nbsp;<\/p>\n\n\n\n<p>Por \u00faltimo, en Puerto Tirol, visitaron la empresa Santana Textil, con un \u201cnivel emblem\u00e1tico recuperaci\u00f3n del 75% de la producci\u00f3n, con perspectivas de inversi\u00f3n y obviamente retomando la actividad productiva\u201d se\u00f1al\u00f3 Capitanich, destacando el nivel productivo de la empresa gracias al Programa de Asistencia de Emergencia al Trabajo y la Producci\u00f3n (ATP).<\/p>\n\n\n\n<p>Cafiero record\u00f3 \u201cel castigo\u201d que sufri\u00f3 la industria nacional por las pol\u00edticas de desindustrializaci\u00f3n del gobierno anterior y se\u00f1al\u00f3 que, tras charlar con el gerente general de la planta, se estiman ampliar los puestos de trabajo, \u201cpara que la industria en Chaco siga creciendo y siga siendo robusta\u201d.<\/p>\n\n\n\n<p>\u201cEl presidente dijo que la prioridad es cuidar a todas y todos los argentinos, generar herramientas necesarias para llegar con el IFE a 9 millones de argentinos y se tiene que entender que hay un acompa\u00f1amiento por parte del estado y el estado somos todos, porque tenemos un presidente que tom\u00f3 decisiones pol\u00edticas adecuadas. Que ha puesto a las familias, ha puesto al empleo, a los trabajadores, a los empresarios, pymes y comerciantes en el centro de toma de decisiones\u201d, expres\u00f3 el jefe de gabinete.&nbsp;<\/p>\n","protected":false},"excerpt":{"rendered":"<p>El gobernador Jorge Capitanich recibi\u00f3 este viernes la visita del jefe de Gabinete de Ministros de la Naci\u00f3n Santiago Cafiero y a la secretar\u00eda de Acceso a la Salud, Carla Vizzotti, que llegaron a la provincia para interiorizarse sobre la situaci\u00f3n generalizada por Covid-19. Supervisaron el funcionamiento del hospital de Fontana, las medidas de contenci\u00f3n &hellip;<\/p>\n","protected":false},"author":2,"featured_media":7357,"comment_status":"open","ping_status":"open","sticky":false,"template":"","format":"standard","meta":{"_jetpack_memberships_contains_paid_content":false,"footnotes":"","jetpack_publicize_message":"","jetpack_publicize_feature_enabled":true,"jetpack_social_post_already_shared":true,"jetpack_social_options":{"image_generator_settings":{"template":"highway","default_image_id":0,"font":"","enabled":false},"version":2}},"categories":[5,14,12],"tags":[],"class_list":["post-7355","post","type-post","status-publish","format-standard","has-post-thumbnail","hentry","category-chaco","category-politica","category-ultimo"],"jetpack_publicize_connections":[],"jetpack_featured_media_url":"https:\/\/portalmovil.com.ar\/wp-content\/uploads\/2020\/06\/62984bdfcf7d01bce7cb505adb9399a2.jpg","jetpack_sharing_enabled":true,"amp_enabled":true,"_links":{"self":[{"href":"https:\/\/portalmovil.com.ar\/index.php\/wp-json\/wp\/v2\/posts\/7355","targetHints":{"allow":["GET"]}}],"collection":[{"href":"https:\/\/portalmovil.com.ar\/index.php\/wp-json\/wp\/v2\/posts"}],"about":[{"href":"https:\/\/portalmovil.com.ar\/index.php\/wp-json\/wp\/v2\/types\/post"}],"author":[{"embeddable":true,"href":"https:\/\/portalmovil.com.ar\/index.php\/wp-json\/wp\/v2\/users\/2"}],"replies":[{"embeddable":true,"href":"https:\/\/portalmovil.com.ar\/index.php\/wp-json\/wp\/v2\/comments?post=7355"}],"version-history":[{"count":1,"href":"https:\/\/portalmovil.com.ar\/index.php\/wp-json\/wp\/v2\/posts\/7355\/revisions"}],"predecessor-version":[{"id":7358,"href":"https:\/\/portalmovil.com.ar\/index.php\/wp-json\/wp\/v2\/posts\/7355\/revisions\/7358"}],"wp:featuredmedia":[{"embeddable":true,"href":"https:\/\/portalmovil.com.ar\/index.php\/wp-json\/wp\/v2\/media\/7357"}],"wp:attachment":[{"href":"https:\/\/portalmovil.com.ar\/index.php\/wp-json\/wp\/v2\/media?parent=7355"}],"wp:term":[{"taxonomy":"category","embeddable":true,"href":"https:\/\/portalmovil.com.ar\/index.php\/wp-json\/wp\/v2\/categories?post=7355"},{"taxonomy":"post_tag","embeddable":true,"href":"https:\/\/portalmovil.com.ar\/index.php\/wp-json\/wp\/v2\/tags?post=7355"}],"curies":[{"name":"wp","href":"https:\/\/api.w.org\/{rel}","templated":true}]}}