{"id":7349,"date":"2020-06-06T00:24:15","date_gmt":"2020-06-06T03:24:15","guid":{"rendered":"http:\/\/portalmovil.com.ar\/?p=7349"},"modified":"2020-06-06T00:24:18","modified_gmt":"2020-06-06T03:24:18","slug":"el-atp-se-pagara-el-11-de-junio-a-16-millones-de-trabajadores","status":"publish","type":"post","link":"https:\/\/portalmovil.com.ar\/index.php\/2020\/06\/06\/el-atp-se-pagara-el-11-de-junio-a-16-millones-de-trabajadores\/","title":{"rendered":"El ATP se pagar\u00e1 el 11 de junio a 1,6 millones de trabajadores"},"content":{"rendered":"\n<p>El segundo refuerzo del programa de Asistencia al Trabajo y la Producci\u00f3n (ATP) que lanz\u00f3 el Gobierno para intentar paliar los efectos de la crisis econ\u00f3mica por el\u00a0coronavirus\u00a0ser\u00e1 depositado por la\u00a0Anses\u00a0el pr\u00f3ximo jueves 11 de junio en concepto de los haberes de mayo. <\/p>\n\n\n\n<p>En esta ocasi\u00f3n alcanza a 1,6 millones de trabajadores registrados del sector privado, pero se estima que llegar\u00e1 a los 2 millones porque faltan procesar las \u00faltimas inscripciones de m\u00e1s empleadores.<\/p>\n\n\n\n<p>La Administraci\u00f3n Federal de Ingresos P\u00fablicos (AFIP) inform\u00f3, en tanto, que fueron en esta ocasi\u00f3n\u00a0unas 193.000 empresas las que accedieron La asistencia estatal, unas 50 mil menos que las beneficiadas en abril.<\/p>\n","protected":false},"excerpt":{"rendered":"<p>El segundo refuerzo del programa de Asistencia al Trabajo y la Producci\u00f3n (ATP) que lanz\u00f3 el Gobierno para intentar paliar los efectos de la crisis econ\u00f3mica por el\u00a0coronavirus\u00a0ser\u00e1 depositado por la\u00a0Anses\u00a0el pr\u00f3ximo jueves 11 de junio en concepto de los haberes de mayo. En esta ocasi\u00f3n alcanza a 1,6 millones de trabajadores registrados del sector &hellip;<\/p>\n","protected":false},"author":2,"featured_media":7350,"comment_status":"open","ping_status":"open","sticky":false,"template":"","format":"standard","meta":{"_jetpack_memberships_contains_paid_content":false,"footnotes":"","jetpack_publicize_message":"","jetpack_publicize_feature_enabled":true,"jetpack_social_post_already_shared":true,"jetpack_social_options":{"image_generator_settings":{"template":"highway","default_image_id":0,"font":"","enabled":false},"version":2}},"categories":[175,12],"tags":[],"class_list":["post-7349","post","type-post","status-publish","format-standard","has-post-thumbnail","hentry","category-economia","category-ultimo"],"jetpack_publicize_connections":[],"jetpack_featured_media_url":"https:\/\/portalmovil.com.ar\/wp-content\/uploads\/2020\/06\/e2d74e55-1af5-4630-97a3-323df9918781.jpg","jetpack_sharing_enabled":true,"amp_enabled":true,"_links":{"self":[{"href":"https:\/\/portalmovil.com.ar\/index.php\/wp-json\/wp\/v2\/posts\/7349","targetHints":{"allow":["GET"]}}],"collection":[{"href":"https:\/\/portalmovil.com.ar\/index.php\/wp-json\/wp\/v2\/posts"}],"about":[{"href":"https:\/\/portalmovil.com.ar\/index.php\/wp-json\/wp\/v2\/types\/post"}],"author":[{"embeddable":true,"href":"https:\/\/portalmovil.com.ar\/index.php\/wp-json\/wp\/v2\/users\/2"}],"replies":[{"embeddable":true,"href":"https:\/\/portalmovil.com.ar\/index.php\/wp-json\/wp\/v2\/comments?post=7349"}],"version-history":[{"count":1,"href":"https:\/\/portalmovil.com.ar\/index.php\/wp-json\/wp\/v2\/posts\/7349\/revisions"}],"predecessor-version":[{"id":7351,"href":"https:\/\/portalmovil.com.ar\/index.php\/wp-json\/wp\/v2\/posts\/7349\/revisions\/7351"}],"wp:featuredmedia":[{"embeddable":true,"href":"https:\/\/portalmovil.com.ar\/index.php\/wp-json\/wp\/v2\/media\/7350"}],"wp:attachment":[{"href":"https:\/\/portalmovil.com.ar\/index.php\/wp-json\/wp\/v2\/media?parent=7349"}],"wp:term":[{"taxonomy":"category","embeddable":true,"href":"https:\/\/portalmovil.com.ar\/index.php\/wp-json\/wp\/v2\/categories?post=7349"},{"taxonomy":"post_tag","embeddable":true,"href":"https:\/\/portalmovil.com.ar\/index.php\/wp-json\/wp\/v2\/tags?post=7349"}],"curies":[{"name":"wp","href":"https:\/\/api.w.org\/{rel}","templated":true}]}}