{"id":7334,"date":"2020-06-05T15:38:54","date_gmt":"2020-06-05T18:38:54","guid":{"rendered":"http:\/\/portalmovil.com.ar\/?p=7334"},"modified":"2020-06-05T15:38:57","modified_gmt":"2020-06-05T18:38:57","slug":"el-gobierno-y-el-inai-trabajan-en-acciones-para-comunidades-originarias","status":"publish","type":"post","link":"https:\/\/portalmovil.com.ar\/index.php\/2020\/06\/05\/el-gobierno-y-el-inai-trabajan-en-acciones-para-comunidades-originarias\/","title":{"rendered":"El gobierno y el INAI trabajan en acciones para comunidades originarias"},"content":{"rendered":"\n<p>El gobernador Jorge Capitanich y la vicegobernadora Anal\u00eda Rach Quiroga, se reunieron con la titular del Instituto Nacional de Asuntos Ind\u00edgenas Mar\u00eda Magdalena Odarda, con quien avanzaron en la implementaci\u00f3n de pol\u00edticas a mediano plazo en las comunidades ind\u00edgenas del Gran Resistencia. Adem\u00e1s, la funcionaria nacional acompa\u00f1\u00f3 el operativo realizado en el barrio Gran Toba para entregar asistencia del INAI a las comunidades.<\/p>\n\n\n\n<p>La asistencia del organismo nacional es resultado de un trabajo coordinado con los ministerios nacionales de Desarrollo Social y Salud, y el Ej\u00e9rcito argentino. Los barrios asistidos fueron el Gran Toba, barrio Lavalle en la localidad de Fontana, Barrio Argentina y comunidades de La Leonesa y la zona de El Impenetrable. Se trata del segundo operativo de este tipo, en el que se espera llegar a m\u00e1s de 600 familias con alimentos, elementos de higiene, seguridad y protecci\u00f3n personal.<\/p>\n\n\n\n<p>Analizamos la situaci\u00f3n producto del avance del COVID-19 en Resistencia y el barrio Toba y expusimos la necesidad de trabajar en conjunto pol\u00edticas de mediano plazo. Buscamos retomar las l\u00edneas de vivienda ind\u00edgena que estuvieron paradas durante cuatro a\u00f1os, junto a otras obras de infraestructura\u201d, dijo la funcionaria.<\/p>\n\n\n\n<p>La reuni\u00f3n, tambi\u00e9n fue propicia para definir un abordaje integral para la asistencia de las comunidades. La ministra de Desarrollo Social, P\u00eda Chiacchio Cavana y la secretaria de Derechos Humanos y G\u00e9neros, Silvana P\u00e9rez, participaron del encuentro.<\/p>\n\n\n\n<p>Al mismo tiempo expres\u00f3 que se dialog\u00f3 sobre retomar las leyes como la de seguridad democr\u00e1tica, la que establece la capacitaci\u00f3n de las fuerzas policiales, en miras de los hechos de violencia institucional ocurridos y donde el instituto solicit\u00f3 la inmediata separaci\u00f3n de los efectivos involucrados.<\/p>\n\n\n\n<p>Adem\u00e1s, la titular del INAI expres\u00f3 cu\u00e1les son algunas de las metas m\u00e1s importantes de la gesti\u00f3n que conduce y remarc\u00f3 el cumplimiento del convenio 169 de la OIT, el cual \u201cdebe ser cumplido por parte del estado en los distintos emprendimientos donde hay afectaci\u00f3n de derechos ind\u00edgenas\u201d, dijo.<\/p>\n\n\n\n<p>Odarda, hizo hincapi\u00e9 en el t\u00edtulo comunitario ind\u00edgena como otra deuda que data de la modificaci\u00f3n de la Constituci\u00f3n Nacional de 1994. \u201cSe ha detenido la ejecuci\u00f3n de la Ley 26160 de relevamiento de las comunidades ind\u00edgenas y no se han entregado t\u00edtulos comunitarios nacionales, creemos que con el gobierno del Chaco podemos avanzar en estos aspectos\u201d, asegur\u00f3.<\/p>\n\n\n\n<p>En este sentido, la funcionaria mencion\u00f3 adem\u00e1s la creaci\u00f3n desde el inicio de su gesti\u00f3n del \u00e1rea de mujer ind\u00edgena en el INAI, debido a la necesidad de poner \u201csobre la mesa\u201d los casos de violaci\u00f3n de los derechos de las mujeres, invisibilizadas y olvidadas.<\/p>\n\n\n\n<p>\u201cEs importante hablar de la violaci\u00f3n de derechos desde la perspectiva de g\u00e9nero\u201d, dijo la funcionaria. Al mismo tiempo convers\u00f3 sobre el \u00e1rea de ambiente y derecho ind\u00edgena que abarca la tala indiscriminada en muchas \u00e1reas del pa\u00eds y la contaminaci\u00f3n de los r\u00edos, que afecta tambi\u00e9n a la poblaci\u00f3n ind\u00edgena.<\/p>\n\n\n\n<p>\u201cDesde INAI iniciamos nuestra gesti\u00f3n con un compromiso fuerte para trabajar y llevar justicia a donde hace mucho tiempo no existe la justicia social, a las comunidades ind\u00edgenas de la Argentina\u201d, finaliz\u00f3 Odarda.<\/p>\n\n\n\n<p>Desde la aparici\u00f3n del primer caso positivo en el barrio Gran Toba en Resistencia, desde el estado se inici\u00f3 el abordaje integral, social y sanitario del barrio para evitar la propagaci\u00f3n del virus y garantizar a los vecinos y vecinas el acceso a la salud. Un trabajo conjunto entre las distintas carteras del estado provincial y organizaciones comunitarias.<\/p>\n","protected":false},"excerpt":{"rendered":"<p>El gobernador Jorge Capitanich y la vicegobernadora Anal\u00eda Rach Quiroga, se reunieron con la titular del Instituto Nacional de Asuntos Ind\u00edgenas Mar\u00eda Magdalena Odarda, con quien avanzaron en la implementaci\u00f3n de pol\u00edticas a mediano plazo en las comunidades ind\u00edgenas del Gran Resistencia. Adem\u00e1s, la funcionaria nacional acompa\u00f1\u00f3 el operativo realizado en el barrio Gran Toba &hellip;<\/p>\n","protected":false},"author":2,"featured_media":7336,"comment_status":"open","ping_status":"open","sticky":false,"template":"","format":"standard","meta":{"_jetpack_memberships_contains_paid_content":false,"footnotes":"","jetpack_publicize_message":"","jetpack_publicize_feature_enabled":true,"jetpack_social_post_already_shared":true,"jetpack_social_options":{"image_generator_settings":{"template":"highway","default_image_id":0,"font":"","enabled":false},"version":2}},"categories":[5,14],"tags":[],"class_list":["post-7334","post","type-post","status-publish","format-standard","has-post-thumbnail","hentry","category-chaco","category-politica"],"jetpack_publicize_connections":[],"jetpack_featured_media_url":"https:\/\/portalmovil.com.ar\/wp-content\/uploads\/2020\/06\/5eda5dd328004520163517-1.jpg","jetpack_sharing_enabled":true,"amp_enabled":true,"_links":{"self":[{"href":"https:\/\/portalmovil.com.ar\/index.php\/wp-json\/wp\/v2\/posts\/7334","targetHints":{"allow":["GET"]}}],"collection":[{"href":"https:\/\/portalmovil.com.ar\/index.php\/wp-json\/wp\/v2\/posts"}],"about":[{"href":"https:\/\/portalmovil.com.ar\/index.php\/wp-json\/wp\/v2\/types\/post"}],"author":[{"embeddable":true,"href":"https:\/\/portalmovil.com.ar\/index.php\/wp-json\/wp\/v2\/users\/2"}],"replies":[{"embeddable":true,"href":"https:\/\/portalmovil.com.ar\/index.php\/wp-json\/wp\/v2\/comments?post=7334"}],"version-history":[{"count":1,"href":"https:\/\/portalmovil.com.ar\/index.php\/wp-json\/wp\/v2\/posts\/7334\/revisions"}],"predecessor-version":[{"id":7337,"href":"https:\/\/portalmovil.com.ar\/index.php\/wp-json\/wp\/v2\/posts\/7334\/revisions\/7337"}],"wp:featuredmedia":[{"embeddable":true,"href":"https:\/\/portalmovil.com.ar\/index.php\/wp-json\/wp\/v2\/media\/7336"}],"wp:attachment":[{"href":"https:\/\/portalmovil.com.ar\/index.php\/wp-json\/wp\/v2\/media?parent=7334"}],"wp:term":[{"taxonomy":"category","embeddable":true,"href":"https:\/\/portalmovil.com.ar\/index.php\/wp-json\/wp\/v2\/categories?post=7334"},{"taxonomy":"post_tag","embeddable":true,"href":"https:\/\/portalmovil.com.ar\/index.php\/wp-json\/wp\/v2\/tags?post=7334"}],"curies":[{"name":"wp","href":"https:\/\/api.w.org\/{rel}","templated":true}]}}