{"id":73268,"date":"2023-03-14T07:30:17","date_gmt":"2023-03-14T10:30:17","guid":{"rendered":"https:\/\/portalmovil.com.ar\/?p=73268"},"modified":"2023-03-14T07:30:20","modified_gmt":"2023-03-14T10:30:20","slug":"sabag-montiel-hablo-desde-la-carcel-tire-del-gatillo-y-no-salio-no-me-arrepiento","status":"publish","type":"post","link":"https:\/\/portalmovil.com.ar\/index.php\/2023\/03\/14\/sabag-montiel-hablo-desde-la-carcel-tire-del-gatillo-y-no-salio-no-me-arrepiento\/","title":{"rendered":"Sabag Montiel habl\u00f3 desde la c\u00e1rcel: \u00abTir\u00e9 del gatillo y no sali\u00f3. No me arrepiento\u00bb"},"content":{"rendered":"\n<p>El detenido por intentar asesinar a la vicepresidenta Cristina Kirchner, Fernando Sabag Montiel, habl\u00f3 en exclusiva con C5N sobre el atentado, luego de enviarle una carta al fiscal Diego Luciani.<\/p>\n\n\n\n<p>En el corto di\u00e1logo desde el penal de Ezeiza, el principal sospechoso confirm\u00f3 que quiso matar a la ex mandataria, que el arma estaba cargada pero que no sali\u00f3 el disparo.<\/p>\n\n\n\n<p>Ademas, Sabag Montiel le escribi\u00f3 al fiscal una carta de pu\u00f1o y letra en donde admiti\u00f3 que su situaci\u00f3n \u00abes muy comprometida\u00bb, y le pidi\u00f3 ayuda tras denunciar que est\u00e1 \u00absecuestrado por Cristina y la jueza Mar\u00eda Eugenia Capuchetti\u00bb.<\/p>\n\n\n\n<p>\u00abMe tienen secuestrado, no puedo salir por decisi\u00f3n de la vicepresidenta y la jueza Mar\u00eda Eugenia Capuchetti\u00bb, sentenci\u00f3 de acuerdo con&nbsp;<strong>Ariel Zak<\/strong>. En el texto dej\u00f3 un n\u00famero tel\u00e9fono del \u00e1rea en el que est\u00e1 detenido en el penal de Ezeiza, a donde se comunicaron desde el programa de&nbsp;<strong>Gustavo Sylvestre<\/strong>.<\/p>\n\n\n\n<p>En di\u00e1logo exclusivo con&nbsp;<em><strong>C5N<\/strong><\/em>,&nbsp;<strong>Sabag Montiel asegur\u00f3 que intent\u00f3 matar a Cristina \u00abpor motus propio\u00bb<\/strong>, y afirm\u00f3: \u00abTengo pruebas que Brenda Uliarte no tuvo nada que ver. Lo hice b\u00e1sicamente por la situaci\u00f3n del pa\u00eds\u00bb.<\/p>\n\n\n\n<p>\u00abTen\u00eda cinco balas la pistola. El arma estaba cargada. Intent\u00e9 matarla. Tir\u00e9 el gatillo y no sali\u00f3\u00bb, record\u00f3 el magnicida, mientras que sobre su v\u00ednculo con el fiscal, explic\u00f3: \u00abConozco a Luciani de la tele, de antes.&nbsp;<strong>Es obvio que \u00e9l ten\u00eda bronca<\/strong>\u00ab.<\/p>\n\n\n\n<p>Por \u00faltimo, Sabag Montiel reconoci\u00f3 que no se arrepiente del atentado contra la vicepresidenta, y dijo que \u00abpor los nervios\u00bb del momento, tir\u00f3 el gatillo y \u00abno sali\u00f3 el tiro\u00bb.<\/p>\n","protected":false},"excerpt":{"rendered":"<p>El detenido por intentar asesinar a la vicepresidenta Cristina Kirchner, Fernando Sabag Montiel, habl\u00f3 en exclusiva con C5N sobre el atentado, luego de enviarle una carta al fiscal Diego Luciani. En el corto di\u00e1logo desde el penal de Ezeiza, el principal sospechoso confirm\u00f3 que quiso matar a la ex mandataria, que el arma estaba cargada &hellip;<\/p>\n","protected":false},"author":2,"featured_media":73269,"comment_status":"open","ping_status":"open","sticky":false,"template":"","format":"standard","meta":{"_jetpack_memberships_contains_paid_content":false,"footnotes":"","jetpack_publicize_message":"","jetpack_publicize_feature_enabled":true,"jetpack_social_post_already_shared":true,"jetpack_social_options":{"image_generator_settings":{"template":"highway","default_image_id":0,"font":"","enabled":false},"version":2}},"categories":[639,50],"tags":[],"class_list":["post-73268","post","type-post","status-publish","format-standard","has-post-thumbnail","hentry","category-argentina","category-judiciales"],"jetpack_publicize_connections":[],"jetpack_featured_media_url":"https:\/\/portalmovil.com.ar\/wp-content\/uploads\/2023\/03\/b72c0dc7-5eec-48e0-86e9-41299df1b1dd.jpg","jetpack_sharing_enabled":true,"amp_enabled":true,"_links":{"self":[{"href":"https:\/\/portalmovil.com.ar\/index.php\/wp-json\/wp\/v2\/posts\/73268","targetHints":{"allow":["GET"]}}],"collection":[{"href":"https:\/\/portalmovil.com.ar\/index.php\/wp-json\/wp\/v2\/posts"}],"about":[{"href":"https:\/\/portalmovil.com.ar\/index.php\/wp-json\/wp\/v2\/types\/post"}],"author":[{"embeddable":true,"href":"https:\/\/portalmovil.com.ar\/index.php\/wp-json\/wp\/v2\/users\/2"}],"replies":[{"embeddable":true,"href":"https:\/\/portalmovil.com.ar\/index.php\/wp-json\/wp\/v2\/comments?post=73268"}],"version-history":[{"count":1,"href":"https:\/\/portalmovil.com.ar\/index.php\/wp-json\/wp\/v2\/posts\/73268\/revisions"}],"predecessor-version":[{"id":73270,"href":"https:\/\/portalmovil.com.ar\/index.php\/wp-json\/wp\/v2\/posts\/73268\/revisions\/73270"}],"wp:featuredmedia":[{"embeddable":true,"href":"https:\/\/portalmovil.com.ar\/index.php\/wp-json\/wp\/v2\/media\/73269"}],"wp:attachment":[{"href":"https:\/\/portalmovil.com.ar\/index.php\/wp-json\/wp\/v2\/media?parent=73268"}],"wp:term":[{"taxonomy":"category","embeddable":true,"href":"https:\/\/portalmovil.com.ar\/index.php\/wp-json\/wp\/v2\/categories?post=73268"},{"taxonomy":"post_tag","embeddable":true,"href":"https:\/\/portalmovil.com.ar\/index.php\/wp-json\/wp\/v2\/tags?post=73268"}],"curies":[{"name":"wp","href":"https:\/\/api.w.org\/{rel}","templated":true}]}}