{"id":73248,"date":"2023-03-13T16:28:41","date_gmt":"2023-03-13T19:28:41","guid":{"rendered":"https:\/\/portalmovil.com.ar\/?p=73248"},"modified":"2023-03-13T16:28:44","modified_gmt":"2023-03-13T19:28:44","slug":"procesan-a-nueve-integrantes-del-ejercito-por-homicidio-de-chirino","status":"publish","type":"post","link":"https:\/\/portalmovil.com.ar\/index.php\/2023\/03\/13\/procesan-a-nueve-integrantes-del-ejercito-por-homicidio-de-chirino\/","title":{"rendered":"Procesan a nueve integrantes del Ej\u00e9rcito por homicidio de Chirino"},"content":{"rendered":"\n<p>El Juzgado Federal de Paso de los Libres proces\u00f3 por homicidio culposo y trab\u00f3 embargos a nueve miembros del Ej\u00e9rcito Argentino como presuntos responsables de diversas situaciones que derivaron en la muerte del soldado Mat\u00edas Chirino durante un ritual de iniciaci\u00f3n en un cuartel de esa ciudad correntina en 2022, informaron hoy fuentes judiciales.<\/p>\n\n\n\n<p>El juez federal de Paso de los Libres, Gustavo Fresneda, dict\u00f3 el procesamiento sin prisi\u00f3n preventiva y con embargos de 500.000 pesos cada uno, para el capit\u00e1n Claudio Andr\u00e9s Luna (35), el capit\u00e1n Rub\u00e9n Dar\u00edo Ruiz (35), el capit\u00e1n Hugo Reclus Mart\u00ednez Tarraga (34), el teniente Dar\u00edo Emmanuel Mart\u00ednez (31), el teniente Exequiel Emmanuel Aguilar (31), el teniente Franco Dami\u00e1n Grupico (26), el subteniente Facundo Luis Acosta (26), el subteniente Gerardo Sebasti\u00e1n Bautista (31) y la subteniente Claudia Daniela Cayata (34).<\/p>\n\n\n\n<p>Todos fueron responsabilizados en primera instancia como coautores por los presuntos delitos de homicidio culposo -que tuvo como v\u00edctima al soldado cordob\u00e9s Mat\u00edas Ezequiel Chirino- y abuso de autoridad en perjuicio de sus pares Jorge Manuel Chaile y Rufino Ezequiel Meza.<\/p>\n","protected":false},"excerpt":{"rendered":"<p>El Juzgado Federal de Paso de los Libres proces\u00f3 por homicidio culposo y trab\u00f3 embargos a nueve miembros del Ej\u00e9rcito Argentino como presuntos responsables de diversas situaciones que derivaron en la muerte del soldado Mat\u00edas Chirino durante un ritual de iniciaci\u00f3n en un cuartel de esa ciudad correntina en 2022, informaron hoy fuentes judiciales. El &hellip;<\/p>\n","protected":false},"author":2,"featured_media":73249,"comment_status":"open","ping_status":"open","sticky":false,"template":"","format":"standard","meta":{"_jetpack_memberships_contains_paid_content":false,"footnotes":"","jetpack_publicize_message":"","jetpack_publicize_feature_enabled":true,"jetpack_social_post_already_shared":true,"jetpack_social_options":{"image_generator_settings":{"template":"highway","default_image_id":0,"font":"","enabled":false},"version":2}},"categories":[639,50],"tags":[],"class_list":["post-73248","post","type-post","status-publish","format-standard","has-post-thumbnail","hentry","category-argentina","category-judiciales"],"jetpack_publicize_connections":[],"jetpack_featured_media_url":"https:\/\/portalmovil.com.ar\/wp-content\/uploads\/2023\/03\/multimedia.normal.a401609c88681a71.6d6174c3ad61732063686972696e6f5f6e6f726d616c2e77656270.webp","jetpack_sharing_enabled":true,"amp_enabled":true,"_links":{"self":[{"href":"https:\/\/portalmovil.com.ar\/index.php\/wp-json\/wp\/v2\/posts\/73248","targetHints":{"allow":["GET"]}}],"collection":[{"href":"https:\/\/portalmovil.com.ar\/index.php\/wp-json\/wp\/v2\/posts"}],"about":[{"href":"https:\/\/portalmovil.com.ar\/index.php\/wp-json\/wp\/v2\/types\/post"}],"author":[{"embeddable":true,"href":"https:\/\/portalmovil.com.ar\/index.php\/wp-json\/wp\/v2\/users\/2"}],"replies":[{"embeddable":true,"href":"https:\/\/portalmovil.com.ar\/index.php\/wp-json\/wp\/v2\/comments?post=73248"}],"version-history":[{"count":1,"href":"https:\/\/portalmovil.com.ar\/index.php\/wp-json\/wp\/v2\/posts\/73248\/revisions"}],"predecessor-version":[{"id":73250,"href":"https:\/\/portalmovil.com.ar\/index.php\/wp-json\/wp\/v2\/posts\/73248\/revisions\/73250"}],"wp:featuredmedia":[{"embeddable":true,"href":"https:\/\/portalmovil.com.ar\/index.php\/wp-json\/wp\/v2\/media\/73249"}],"wp:attachment":[{"href":"https:\/\/portalmovil.com.ar\/index.php\/wp-json\/wp\/v2\/media?parent=73248"}],"wp:term":[{"taxonomy":"category","embeddable":true,"href":"https:\/\/portalmovil.com.ar\/index.php\/wp-json\/wp\/v2\/categories?post=73248"},{"taxonomy":"post_tag","embeddable":true,"href":"https:\/\/portalmovil.com.ar\/index.php\/wp-json\/wp\/v2\/tags?post=73248"}],"curies":[{"name":"wp","href":"https:\/\/api.w.org\/{rel}","templated":true}]}}