{"id":7321,"date":"2020-06-05T12:54:13","date_gmt":"2020-06-05T15:54:13","guid":{"rendered":"http:\/\/portalmovil.com.ar\/?p=7321"},"modified":"2020-06-05T12:58:39","modified_gmt":"2020-06-05T15:58:39","slug":"el-presidente-llego-a-la-pampa-donde-firmara-convenios-y-visitara-un-frigorifico","status":"publish","type":"post","link":"https:\/\/portalmovil.com.ar\/index.php\/2020\/06\/05\/el-presidente-llego-a-la-pampa-donde-firmara-convenios-y-visitara-un-frigorifico\/","title":{"rendered":"El Presidente lleg\u00f3 a La Pampa donde firmar\u00e1 convenios y visitar\u00e1 un frigor\u00edfico"},"content":{"rendered":"\n<p>El presidente&nbsp;Alberto Fern\u00e1ndez&nbsp;lleg\u00f3 hoy a Santa Rosa para llevar adelante, junto al gobernador de La Pampa,&nbsp;Sergio Ziliotto, una serie de actividades oficiales que incluyen una visita al frigor\u00edfico Carnes Pampeanas y la firma de convenios.<\/p>\n\n\n\n<p>Fern\u00e1ndez fue recibido por el gobernador Ziliotto en el aeropuerto local, desde donde se traslad\u00f3 a las instalaciones del&nbsp;Frigor\u00edfico \u00abCarnes Pampeanas\u00bb, ubicado en Santa Rosa, donde realizar\u00e1 una&nbsp;recorrida&nbsp;y mantendr\u00e1 una breve reuni\u00f3n con los&nbsp;empresarios.<\/p>\n\n\n\n<figure class=\"wp-block-embed-twitter wp-block-embed is-type-rich is-provider-twitter\"><div class=\"wp-block-embed__wrapper\">\n<div class=\"embed-twitter\"><blockquote class=\"twitter-tweet\" data-width=\"500\" data-dnt=\"true\"><p lang=\"es\" dir=\"ltr\">Seguimos reconstruyendo la Argentina, juntos.<a href=\"https:\/\/twitter.com\/hashtag\/albertoenlapampa?src=hash&amp;ref_src=twsrc%5Etfw\">#albertoenlapampa<\/a> <a href=\"https:\/\/t.co\/5tmauyvqJd\">pic.twitter.com\/5tmauyvqJd<\/a><\/p>&mdash; Sergio Ziliotto (@ZiliottoSergio) <a href=\"https:\/\/twitter.com\/ZiliottoSergio\/status\/1268922157104615424?ref_src=twsrc%5Etfw\">June 5, 2020<\/a><\/blockquote><script async src=\"https:\/\/platform.twitter.com\/widgets.js\" charset=\"utf-8\"><\/script><\/div>\n<\/div><\/figure>\n\n\n\n<p>Tras el recorrido regresar\u00e1 a Santa Rosa y, en las instalaciones del sal\u00f3n cultural de Medasur,&nbsp;firmar\u00e1 convenios&nbsp;con el mandatario pampeano y ofrecer\u00e1 una&nbsp;conferencia de prensa.<\/p>\n\n\n\n<p>La situaci\u00f3n sanitaria en La Pampa<br>La Pampa lleva 55 d\u00edas sin casos positivos de coronavirus, situaci\u00f3n sanitaria por la que la provincia atraviesa la Fase 5 de la cuarentena y con pr\u00e1cticamente todas las actividades econ\u00f3micas en marcha, a excepci\u00f3n del turismo y la hoteler\u00eda.<\/p>\n","protected":false},"excerpt":{"rendered":"<p>El presidente&nbsp;Alberto Fern\u00e1ndez&nbsp;lleg\u00f3 hoy a Santa Rosa para llevar adelante, junto al gobernador de La Pampa,&nbsp;Sergio Ziliotto, una serie de actividades oficiales que incluyen una visita al frigor\u00edfico Carnes Pampeanas y la firma de convenios. Fern\u00e1ndez fue recibido por el gobernador Ziliotto en el aeropuerto local, desde donde se traslad\u00f3 a las instalaciones del&nbsp;Frigor\u00edfico \u00abCarnes &hellip;<\/p>\n","protected":false},"author":2,"featured_media":7327,"comment_status":"open","ping_status":"open","sticky":false,"template":"","format":"standard","meta":{"_jetpack_memberships_contains_paid_content":false,"footnotes":"","jetpack_publicize_message":"","jetpack_publicize_feature_enabled":true,"jetpack_social_post_already_shared":true,"jetpack_social_options":{"image_generator_settings":{"template":"highway","default_image_id":0,"font":"","enabled":false},"version":2}},"categories":[14],"tags":[],"class_list":["post-7321","post","type-post","status-publish","format-standard","has-post-thumbnail","hentry","category-politica"],"jetpack_publicize_connections":[],"jetpack_featured_media_url":"https:\/\/portalmovil.com.ar\/wp-content\/uploads\/2020\/06\/1-alberto-en-el-aeropuerto-en-cuarentena-752x440-1.jpg","jetpack_sharing_enabled":true,"amp_enabled":true,"_links":{"self":[{"href":"https:\/\/portalmovil.com.ar\/index.php\/wp-json\/wp\/v2\/posts\/7321","targetHints":{"allow":["GET"]}}],"collection":[{"href":"https:\/\/portalmovil.com.ar\/index.php\/wp-json\/wp\/v2\/posts"}],"about":[{"href":"https:\/\/portalmovil.com.ar\/index.php\/wp-json\/wp\/v2\/types\/post"}],"author":[{"embeddable":true,"href":"https:\/\/portalmovil.com.ar\/index.php\/wp-json\/wp\/v2\/users\/2"}],"replies":[{"embeddable":true,"href":"https:\/\/portalmovil.com.ar\/index.php\/wp-json\/wp\/v2\/comments?post=7321"}],"version-history":[{"count":2,"href":"https:\/\/portalmovil.com.ar\/index.php\/wp-json\/wp\/v2\/posts\/7321\/revisions"}],"predecessor-version":[{"id":7326,"href":"https:\/\/portalmovil.com.ar\/index.php\/wp-json\/wp\/v2\/posts\/7321\/revisions\/7326"}],"wp:featuredmedia":[{"embeddable":true,"href":"https:\/\/portalmovil.com.ar\/index.php\/wp-json\/wp\/v2\/media\/7327"}],"wp:attachment":[{"href":"https:\/\/portalmovil.com.ar\/index.php\/wp-json\/wp\/v2\/media?parent=7321"}],"wp:term":[{"taxonomy":"category","embeddable":true,"href":"https:\/\/portalmovil.com.ar\/index.php\/wp-json\/wp\/v2\/categories?post=7321"},{"taxonomy":"post_tag","embeddable":true,"href":"https:\/\/portalmovil.com.ar\/index.php\/wp-json\/wp\/v2\/tags?post=7321"}],"curies":[{"name":"wp","href":"https:\/\/api.w.org\/{rel}","templated":true}]}}