{"id":73152,"date":"2023-03-11T11:27:33","date_gmt":"2023-03-11T14:27:33","guid":{"rendered":"https:\/\/portalmovil.com.ar\/?p=73152"},"modified":"2023-03-11T11:27:36","modified_gmt":"2023-03-11T14:27:36","slug":"martinez-entrego-reconocimientos-a-mujeres-que-realizan-trabajos-comunitarios-en-el-bo-224-viviendas","status":"publish","type":"post","link":"https:\/\/portalmovil.com.ar\/index.php\/2023\/03\/11\/martinez-entrego-reconocimientos-a-mujeres-que-realizan-trabajos-comunitarios-en-el-bo-224-viviendas\/","title":{"rendered":"Mart\u00ednez entreg\u00f3 reconocimientos a mujeres que realizan trabajos comunitarios en el b\u00ba 224 viviendas"},"content":{"rendered":"\n<p>En el marco del mes de la Mujer Trabajadora, en la plazoleta Luis Landriscina del barrio 244 Viviendas, el intendente&nbsp;<strong>Gustavo Mart\u00ednez<\/strong>&nbsp;homenaje\u00f3 a mujeres cuyas actividades est\u00e1n vinculadas al quehacer social, vecinal y comunitario de la zona oeste de Resistencia.<\/p>\n\n\n\n<p><strong>Mart\u00ednez sostuvo que \u00abes importante reconocer a mujeres que llevan adelante una labor esencial en todos los barrios de Resistencia, promoviendo el bienestar de toda la comunidad que les toca integrar\u00bb.<\/strong><\/p>\n\n\n\n<p>En igual sentido, anticip\u00f3 que \u00abla gesti\u00f3n municipal pondr\u00e1 en marcha una pol\u00edtica p\u00fablica permanente con perspectiva de g\u00e9nero para llevar adelante talleres y capacitaciones en derechos y de gestor\u00eda de los mismos, de integraci\u00f3n y de oficio durante todo el a\u00f1o\u00bb.<\/p>\n\n\n\n<p>Elvira Delgado es integrante de la comisi\u00f3n vecinal del barrio San Antonio, y coment\u00f3 que \u00abeste homenaje fue emocionante y es un reconocimiento al acompa\u00f1amiento que se realiza a los pacientes oncol\u00f3gicos que son j\u00f3venes\u00bb, y agreg\u00f3 que \u00abtambi\u00e9n se ayuda al vecindario en lo que se puede con una asesor\u00eda comunitaria de violencia de g\u00e9nero y de adicciones y consumos problem\u00e1ticos\u00bb.<\/p>\n\n\n\n<p>Por su parte, Antonia Fern\u00e1ndez forma parte de la comisi\u00f3n vecinal del barrio 17 de Octubre, y expres\u00f3 que \u00abcon el merendero se presta contenci\u00f3n a muchos chicos y chicas de la zona, se les da un espacio para jugar y para alimentarse de una manera sana\u00bb.<\/p>\n","protected":false},"excerpt":{"rendered":"<p>En el marco del mes de la Mujer Trabajadora, en la plazoleta Luis Landriscina del barrio 244 Viviendas, el intendente&nbsp;Gustavo Mart\u00ednez&nbsp;homenaje\u00f3 a mujeres cuyas actividades est\u00e1n vinculadas al quehacer social, vecinal y comunitario de la zona oeste de Resistencia. Mart\u00ednez sostuvo que \u00abes importante reconocer a mujeres que llevan adelante una labor esencial en todos &hellip;<\/p>\n","protected":false},"author":2,"featured_media":73153,"comment_status":"open","ping_status":"open","sticky":false,"template":"","format":"standard","meta":{"_jetpack_memberships_contains_paid_content":false,"footnotes":"","jetpack_publicize_message":"","jetpack_publicize_feature_enabled":true,"jetpack_social_post_already_shared":true,"jetpack_social_options":{"image_generator_settings":{"template":"highway","default_image_id":0,"font":"","enabled":false},"version":2}},"categories":[37],"tags":[],"class_list":["post-73152","post","type-post","status-publish","format-standard","has-post-thumbnail","hentry","category-resistencia"],"jetpack_publicize_connections":[],"jetpack_featured_media_url":"https:\/\/portalmovil.com.ar\/wp-content\/uploads\/2023\/03\/568600w850h567c.jpg.webp","jetpack_sharing_enabled":true,"amp_enabled":true,"_links":{"self":[{"href":"https:\/\/portalmovil.com.ar\/index.php\/wp-json\/wp\/v2\/posts\/73152","targetHints":{"allow":["GET"]}}],"collection":[{"href":"https:\/\/portalmovil.com.ar\/index.php\/wp-json\/wp\/v2\/posts"}],"about":[{"href":"https:\/\/portalmovil.com.ar\/index.php\/wp-json\/wp\/v2\/types\/post"}],"author":[{"embeddable":true,"href":"https:\/\/portalmovil.com.ar\/index.php\/wp-json\/wp\/v2\/users\/2"}],"replies":[{"embeddable":true,"href":"https:\/\/portalmovil.com.ar\/index.php\/wp-json\/wp\/v2\/comments?post=73152"}],"version-history":[{"count":1,"href":"https:\/\/portalmovil.com.ar\/index.php\/wp-json\/wp\/v2\/posts\/73152\/revisions"}],"predecessor-version":[{"id":73154,"href":"https:\/\/portalmovil.com.ar\/index.php\/wp-json\/wp\/v2\/posts\/73152\/revisions\/73154"}],"wp:featuredmedia":[{"embeddable":true,"href":"https:\/\/portalmovil.com.ar\/index.php\/wp-json\/wp\/v2\/media\/73153"}],"wp:attachment":[{"href":"https:\/\/portalmovil.com.ar\/index.php\/wp-json\/wp\/v2\/media?parent=73152"}],"wp:term":[{"taxonomy":"category","embeddable":true,"href":"https:\/\/portalmovil.com.ar\/index.php\/wp-json\/wp\/v2\/categories?post=73152"},{"taxonomy":"post_tag","embeddable":true,"href":"https:\/\/portalmovil.com.ar\/index.php\/wp-json\/wp\/v2\/tags?post=73152"}],"curies":[{"name":"wp","href":"https:\/\/api.w.org\/{rel}","templated":true}]}}