{"id":73065,"date":"2023-03-09T20:14:09","date_gmt":"2023-03-09T23:14:09","guid":{"rendered":"https:\/\/portalmovil.com.ar\/?p=73065"},"modified":"2023-03-09T20:14:14","modified_gmt":"2023-03-09T23:14:14","slug":"tragedia-en-vilelas-joven-se-metio-al-rio-y-se-ahogo","status":"publish","type":"post","link":"https:\/\/portalmovil.com.ar\/index.php\/2023\/03\/09\/tragedia-en-vilelas-joven-se-metio-al-rio-y-se-ahogo\/","title":{"rendered":"Tragedia en Vilelas: joven se meti\u00f3 al r\u00edo y se ahog\u00f3"},"content":{"rendered":"\n<p>Un joven de 21 a\u00f1os se ahog\u00f3 este mi\u00e9rcoles por la tarde tras ingresar al r\u00edo a nadar. Ocurri\u00f3 en la zona conocida como \u201cEl Chancho\u201d, en Puerto Vilelas.<\/p>\n\n\n\n<p>Seg\u00fan inform\u00f3 la polic\u00eda, minutos antes de las 17, Sebasti\u00e1n Olivares junto a su hermano de 17 a\u00f1os estaban en la costa del r\u00edo, cuando Sebasti\u00e1n decidi\u00f3 meterse al agua. Su hermano asegur\u00f3 que tras sumergirse no volvi\u00f3 a salir a la superficie.<\/p>\n\n\n\n<p>R\u00e1pidamente dio aviso a distintos vecinos y familiares quienes llegaron al lugar. Cabe mencionar que el r\u00edo se encuentra a un kil\u00f3metro y medio aproximadamente atravesando una zona boscosa, donde lograron extraer el cuerpo y trasladarlo al domicilio. El m\u00e9dico policial examin\u00f3 el cuerpo y diagnostic\u00f3 que el joven muri\u00f3 de asfixia por inmersi\u00f3n.<\/p>\n","protected":false},"excerpt":{"rendered":"<p>Un joven de 21 a\u00f1os se ahog\u00f3 este mi\u00e9rcoles por la tarde tras ingresar al r\u00edo a nadar. Ocurri\u00f3 en la zona conocida como \u201cEl Chancho\u201d, en Puerto Vilelas. Seg\u00fan inform\u00f3 la polic\u00eda, minutos antes de las 17, Sebasti\u00e1n Olivares junto a su hermano de 17 a\u00f1os estaban en la costa del r\u00edo, cuando Sebasti\u00e1n &hellip;<\/p>\n","protected":false},"author":2,"featured_media":73066,"comment_status":"open","ping_status":"open","sticky":false,"template":"","format":"standard","meta":{"_jetpack_memberships_contains_paid_content":false,"footnotes":"","jetpack_publicize_message":"","jetpack_publicize_feature_enabled":true,"jetpack_social_post_already_shared":true,"jetpack_social_options":{"image_generator_settings":{"template":"highway","default_image_id":0,"font":"","enabled":false},"version":2}},"categories":[5,8],"tags":[],"class_list":["post-73065","post","type-post","status-publish","format-standard","has-post-thumbnail","hentry","category-chaco","category-policiales"],"jetpack_publicize_connections":[],"jetpack_featured_media_url":"https:\/\/portalmovil.com.ar\/wp-content\/uploads\/2023\/03\/WhatsApp-Image-2017-09-04-at-12.45.40-PM.webp","jetpack_sharing_enabled":true,"amp_enabled":true,"_links":{"self":[{"href":"https:\/\/portalmovil.com.ar\/index.php\/wp-json\/wp\/v2\/posts\/73065","targetHints":{"allow":["GET"]}}],"collection":[{"href":"https:\/\/portalmovil.com.ar\/index.php\/wp-json\/wp\/v2\/posts"}],"about":[{"href":"https:\/\/portalmovil.com.ar\/index.php\/wp-json\/wp\/v2\/types\/post"}],"author":[{"embeddable":true,"href":"https:\/\/portalmovil.com.ar\/index.php\/wp-json\/wp\/v2\/users\/2"}],"replies":[{"embeddable":true,"href":"https:\/\/portalmovil.com.ar\/index.php\/wp-json\/wp\/v2\/comments?post=73065"}],"version-history":[{"count":1,"href":"https:\/\/portalmovil.com.ar\/index.php\/wp-json\/wp\/v2\/posts\/73065\/revisions"}],"predecessor-version":[{"id":73067,"href":"https:\/\/portalmovil.com.ar\/index.php\/wp-json\/wp\/v2\/posts\/73065\/revisions\/73067"}],"wp:featuredmedia":[{"embeddable":true,"href":"https:\/\/portalmovil.com.ar\/index.php\/wp-json\/wp\/v2\/media\/73066"}],"wp:attachment":[{"href":"https:\/\/portalmovil.com.ar\/index.php\/wp-json\/wp\/v2\/media?parent=73065"}],"wp:term":[{"taxonomy":"category","embeddable":true,"href":"https:\/\/portalmovil.com.ar\/index.php\/wp-json\/wp\/v2\/categories?post=73065"},{"taxonomy":"post_tag","embeddable":true,"href":"https:\/\/portalmovil.com.ar\/index.php\/wp-json\/wp\/v2\/tags?post=73065"}],"curies":[{"name":"wp","href":"https:\/\/api.w.org\/{rel}","templated":true}]}}