{"id":72495,"date":"2023-02-28T09:45:02","date_gmt":"2023-02-28T12:45:02","guid":{"rendered":"https:\/\/portalmovil.com.ar\/?p=72495"},"modified":"2023-02-28T09:45:06","modified_gmt":"2023-02-28T12:45:06","slug":"desde-hoy-ya-no-seran-validas-las-recetas-fotos","status":"publish","type":"post","link":"https:\/\/portalmovil.com.ar\/index.php\/2023\/02\/28\/desde-hoy-ya-no-seran-validas-las-recetas-fotos\/","title":{"rendered":"Desde hoy ya no ser\u00e1n validas las \u00abrecetas fotos\u00bb"},"content":{"rendered":"\n<p><strong>A partir de este martes 28, ya no ser\u00e1n v\u00e1lidas las \u00abrecetas foto\u00bb tampoco para las personas con enfermedades cr\u00f3nicas, que hab\u00edan quedado exceptuadas de la resoluci\u00f3n que a fines de diciembre termin\u00f3 con esta forma excepcional de prescripci\u00f3n<\/strong>, vigente desde marzo de 2020 por la pandemia, seg\u00fan confirm\u00f3 la ministra de Salud de la Naci\u00f3n, Carla Vizzotti.<\/p>\n\n\n\n<p>La funcionaria adelant\u00f3 que\u00a0esta semana saldr\u00e1 el decreto reglamentario de la Ley de\u00a0Receta Electr\u00f3nica.<\/p>\n\n\n\n<p>Asimismo, explic\u00f3 que junto con la reglamentaci\u00f3n de la Ley N\u00b0 27553, sancionada en julio de 2020, la cartera sanitaria emitir\u00e1 dos resoluciones complementarias: la que dispone la creaci\u00f3n de la licencia sanitaria federal para profesionales de la salud matriculados en diferentes jurisdicciones y otra que aprueba el proceso de inscripci\u00f3n de las plataformas digitales y apps que emiten recetas electr\u00f3nicas con miras a su posterior registro y fiscalizaci\u00f3n.<\/p>\n\n\n\n<p>\u00abEl decreto reglamentario (de la Ley de Receta Electr\u00f3nica) tiene que salir esta semana\u00bb, dijo Vizotti durante una reuni\u00f3n con periodistas en el Ministerio de Salud de la Naci\u00f3n; y agreg\u00f3:&nbsp;<strong>\u00abY si bien es una reglamentaci\u00f3n completa, no es que al d\u00eda siguiente cambiar\u00e1 todo, sino que comenzamos a recorrer un camino de adecuaci\u00f3n de much\u00edsimas estrategias que ya est\u00e1n en funcionamiento, pero que tienen que empezar a cumplir unos est\u00e1ndares m\u00ednimos\u00bb.<\/strong><\/p>\n\n\n\n<h3 class=\"wp-block-heading\">Cabe aclarar que lo que&nbsp;<strong>las farmacias dejar\u00e1n de aceptar para el expendio de medicamentos es la foto de la receta confeccionada en papel y recibida por el paciente, a trav\u00e9s de correo electr\u00f3nico o WhatsApp, mientras que seguir\u00e1n vigentes como hasta ahora las modalidades de receta f\u00edsica (papel) y la receta electr\u00f3nica.<\/strong><\/h3>\n\n\n\n<p>\u00abLo que va a ocurrir no es nada distinto a lo que viene ocurriendo, simplemente que ya no hay m\u00e1s posibilidades de seguir aceptando la receta foto, cosa que ya ocurre desde hace mucho tiempo en todas las provincias y en gran parte de la seguridad social, mientras hab\u00eda quedado un grupo especialmente de prepagas y sobre todo en el \u00e1mbito del AMBA, que segu\u00edan aplicando esa modalidad (para pacientes con enfermedades cr\u00f3nicas)\u00bb, explic\u00f3 la jefa de gabinete de la cartera sanitaria, Sonia Tarragona.<\/p>\n\n\n\n<p>En ese sentido, record\u00f3 que \u00abreceta foto fue un instrumento temporario\u00bb, implementado de manera \u00abexcepcional\u00bb para evitar la movilidad de las personas durante el ASPO, en funci\u00f3n de una situaci\u00f3n de emergencia sanitaria que \u00abtermin\u00f3 hace tiempo\u00bb, por lo cual se hace necesario \u00abvolver a la normalidad que era y sigue siendo la receta papel con la firma manuscrita\u00bb o la receta electr\u00f3nica con firma digital, \u00abporque hay una ley de ejercicio profesional (de la medicina) y una ley de farmacia que establece cuando una receta es v\u00e1lida\u00bb que no se cumpl\u00edan en la receta foto, fundamentalmente en t\u00e9rminos de seguridad y trazabilidad.<\/p>\n","protected":false},"excerpt":{"rendered":"<p>A partir de este martes 28, ya no ser\u00e1n v\u00e1lidas las \u00abrecetas foto\u00bb tampoco para las personas con enfermedades cr\u00f3nicas, que hab\u00edan quedado exceptuadas de la resoluci\u00f3n que a fines de diciembre termin\u00f3 con esta forma excepcional de prescripci\u00f3n, vigente desde marzo de 2020 por la pandemia, seg\u00fan confirm\u00f3 la ministra de Salud de la &hellip;<\/p>\n","protected":false},"author":2,"featured_media":72497,"comment_status":"open","ping_status":"open","sticky":false,"template":"","format":"standard","meta":{"_jetpack_memberships_contains_paid_content":false,"footnotes":"","jetpack_publicize_message":"","jetpack_publicize_feature_enabled":true,"jetpack_social_post_already_shared":true,"jetpack_social_options":{"image_generator_settings":{"template":"highway","default_image_id":0,"font":"","enabled":false},"version":2}},"categories":[28],"tags":[],"class_list":["post-72495","post","type-post","status-publish","format-standard","has-post-thumbnail","hentry","category-actualidad"],"jetpack_publicize_connections":[],"jetpack_featured_media_url":"https:\/\/portalmovil.com.ar\/wp-content\/uploads\/2023\/02\/2dee91fb-84c2-44c1-8c94-78e1f684f923.jpg","jetpack_sharing_enabled":true,"amp_enabled":true,"_links":{"self":[{"href":"https:\/\/portalmovil.com.ar\/index.php\/wp-json\/wp\/v2\/posts\/72495","targetHints":{"allow":["GET"]}}],"collection":[{"href":"https:\/\/portalmovil.com.ar\/index.php\/wp-json\/wp\/v2\/posts"}],"about":[{"href":"https:\/\/portalmovil.com.ar\/index.php\/wp-json\/wp\/v2\/types\/post"}],"author":[{"embeddable":true,"href":"https:\/\/portalmovil.com.ar\/index.php\/wp-json\/wp\/v2\/users\/2"}],"replies":[{"embeddable":true,"href":"https:\/\/portalmovil.com.ar\/index.php\/wp-json\/wp\/v2\/comments?post=72495"}],"version-history":[{"count":2,"href":"https:\/\/portalmovil.com.ar\/index.php\/wp-json\/wp\/v2\/posts\/72495\/revisions"}],"predecessor-version":[{"id":72499,"href":"https:\/\/portalmovil.com.ar\/index.php\/wp-json\/wp\/v2\/posts\/72495\/revisions\/72499"}],"wp:featuredmedia":[{"embeddable":true,"href":"https:\/\/portalmovil.com.ar\/index.php\/wp-json\/wp\/v2\/media\/72497"}],"wp:attachment":[{"href":"https:\/\/portalmovil.com.ar\/index.php\/wp-json\/wp\/v2\/media?parent=72495"}],"wp:term":[{"taxonomy":"category","embeddable":true,"href":"https:\/\/portalmovil.com.ar\/index.php\/wp-json\/wp\/v2\/categories?post=72495"},{"taxonomy":"post_tag","embeddable":true,"href":"https:\/\/portalmovil.com.ar\/index.php\/wp-json\/wp\/v2\/tags?post=72495"}],"curies":[{"name":"wp","href":"https:\/\/api.w.org\/{rel}","templated":true}]}}