{"id":72438,"date":"2023-02-27T02:50:00","date_gmt":"2023-02-27T05:50:00","guid":{"rendered":"https:\/\/portalmovil.com.ar\/?p=72438"},"modified":"2023-02-27T14:52:19","modified_gmt":"2023-02-27T17:52:19","slug":"capitanich-y-fernandez-inauguraron-la-escuela-de-educacion-secundaria-en-basail","status":"publish","type":"post","link":"https:\/\/portalmovil.com.ar\/index.php\/2023\/02\/27\/capitanich-y-fernandez-inauguraron-la-escuela-de-educacion-secundaria-en-basail\/","title":{"rendered":"Capitanich y Fern\u00e1ndez inauguraron la Escuela de Educaci\u00f3n Secundaria en Basail"},"content":{"rendered":"\n<p>El presidente<strong>\u00a0Alberto Fern\u00e1ndez visit\u00f3 la localidad de Basail para la inauguraci\u00f3n de la Escuela de Educaci\u00f3n Secundaria N\u00b0 82 Ren\u00e9 Favaloro.\u00a0<\/strong><\/p>\n\n\n\n<p>Ante un espacio repleto de alumnos, inauguraron el nuevo edificio con la presencia del presidente Alberto Fern\u00e1ndez, el ministro de Educaci\u00f3n de la Naci\u00f3n, Jaime Perczyk, el gobernador Jorge Milton Capitanich, la vicegobernadora Anal\u00eda Rach Quiroga, el ministro de Educaci\u00f3n del Chaco, Aldo Lineras y el intendente de Basail, Ignacio Rost\u00e1n.\u00a0<\/p>\n\n\n\n<p>Fern\u00e1ndez se refiri\u00f3 al federalismo y el hecho que sea la primera vez que un presidente visita la localidad: \u00abEs una deuda que Argentina tiene con muchos lugares del pa\u00eds\u00bb.<\/p>\n\n\n\n<p>\u00abGracias por esta escuela\u00bb, afirm\u00f3 que le dijo uno de los alumnos y reafirm\u00f3 que se trata de \u00abun derecho para recibir la educaci\u00f3n adecuada porque estamos en un tiempo donde la educaci\u00f3n pasa por una revoluci\u00f3n singular, la revoluci\u00f3n tecnol\u00f3gica que exige desarrollar el conocimiento\u00bb.<\/p>\n\n\n\n<p>\u00abEl futuro est\u00e1 en estudiar. No lo podemos postergar m\u00e1s, si una escuela no accede a internet es una escuela que est\u00e1 atrasada, hoy contar con una computadora por alumno es importante para acceder a la informaci\u00f3n y al conocimiento\u00bb.<\/p>\n\n\n\n<p>A\u00f1adi\u00f3 que \u00abno es un lugar donde se pasan 6 horas al d\u00eda, ac\u00e1 ustedes est\u00e1n construyendo su futuro\u00bb.<\/p>\n\n\n\n<p>\u00abTienen la suerte de que esta escuela lleva el nombre de una persona emblem\u00e1tica, Ren\u00e9 Favaloro, que fue un m\u00e9dico formado en la educaci\u00f3n p\u00fablica, sigan ese ejemplo y no olviden la importancia que en este tiempo la educaci\u00f3n tiene, no tomen la educaci\u00f3n como una obligaci\u00f3n, t\u00f3menla como una inversi\u00f3n para su futuro porque el ma\u00f1ana es de ustedes\u00bb, culmin\u00f3.<\/p>\n\n\n\n<p>El gobernador, Jorge Capitanich, hizo uso de la palabra y asegur\u00f3: \u00abEstamos muy satisfechos de estar en todo un proceso que implica la apertura del ciclo lectivo el 1 de marzo en toda la provincia y lo hacemos con el compromiso no solo de garantizar una educaci\u00f3n inclusiva, solidaria y gratuita sino tambi\u00e9n de calidad\u00bb.<\/p>\n\n\n\n<p>\u00abNo es f\u00e1cil, pero es desafiante\u00bb dijo y habl\u00f3 del \u00abenorme esfuerzo en materia de infraestructura durante nuestros tres mandatos\u00bb.<\/p>\n\n\n\n<p>En ese sentido ampli\u00f3 que \u00absignifica inversi\u00f3n para que nuestros alumnos, alumnas y docentes tengas aulas limpias y c\u00f3modas, un aula con inmobiliario nuevo, libros, aire acondicionado, material did\u00e1ctico, es realmente es un aula digna a partir de la cual podemos impartir educaci\u00f3n de buena calidad\u00bb.<\/p>\n\n\n\n<p>Hizo referencia a que, entre el periodo anterior y este, \u00abse entregaron 200 mil computadoras con el objetivo de tener conectividad aprovechar la jornada extendida digital\u00bb.<\/p>\n\n\n\n<p>Tambi\u00e9n mencion\u00f3 el acuerdo en paritarias docentes: \u00abla pol\u00edtica salarial nos permitir\u00e1 empezar un nuevo a\u00f1o lectivo sin conflicto garantizando 190 d\u00edas de clases\u00bb.<\/p>\n\n\n\n<p>\u00abTenemos que lograr que la educaci\u00f3n secundaria sea una educaci\u00f3n de muy buena calidad y ese el desaf\u00edo de los pr\u00f3ximos a\u00f1os. Creemos en la educaci\u00f3n p\u00fablica\u00bb, finaliz\u00f3.<\/p>\n\n\n\n<p>Jaime Perczyk, ministro de Educaci\u00f3n de la Naci\u00f3n dijo que \u00abestamos iniciando un ciclo lectivo muy desafiante\u00bb y que \u00abeste esfuerzo es porque nosotros creemos que la Argentina se tiene que desarrollar con igualdad y de manera federal\u00bb.<\/p>\n\n\n\n<p>\u00abPensamos que ustedes lo van a hacer mucho mejor que nosotros, para eso se tienen que formar tienen que estudiar, a aprender, a hacer que la Argentina sea m\u00e1s grande\u00bb, agreg\u00f3.<\/p>\n\n\n\n<p>Por su parte, el intendente de Basail Ignacio Rostan, expres\u00f3: \u00abSin dudas para nosotros es un d\u00eda hist\u00f3rico, es la primera vez que un presidente visita Basail\u00bb, y destac\u00f3 \u00abla valent\u00eda y el coraje que ha demostrado (el presidente) para gobernar nuestro pa\u00eds, por hacerse cargo en un contexto adverso\u00bb.<\/p>\n\n\n\n<p>Rost\u00e1n es intendente desde el a\u00f1o 2007 y a\u00f1adi\u00f3 que \u00abmientras yo llegaba a la intendencia el gobernador llegaba a la gobernaci\u00f3n, llevamos un mont\u00f3n de a\u00f1os trabajado mancomunadamente\u00bb.<\/p>\n\n\n\n<p>Sobre el nuevo edificio, dijo que \u00abes un sue\u00f1o contar con este edificio escolar para los alumnos del nivel secundario, hoy sentimos un mont\u00f3n de satisfacci\u00f3n porque los alumnos tienen su casa propia\u00bb.<\/p>\n","protected":false},"excerpt":{"rendered":"<p>El presidente\u00a0Alberto Fern\u00e1ndez visit\u00f3 la localidad de Basail para la inauguraci\u00f3n de la Escuela de Educaci\u00f3n Secundaria N\u00b0 82 Ren\u00e9 Favaloro.\u00a0 Ante un espacio repleto de alumnos, inauguraron el nuevo edificio con la presencia del presidente Alberto Fern\u00e1ndez, el ministro de Educaci\u00f3n de la Naci\u00f3n, Jaime Perczyk, el gobernador Jorge Milton Capitanich, la vicegobernadora Anal\u00eda &hellip;<\/p>\n","protected":false},"author":2,"featured_media":72439,"comment_status":"open","ping_status":"open","sticky":false,"template":"","format":"standard","meta":{"_jetpack_memberships_contains_paid_content":false,"footnotes":"","jetpack_publicize_message":"","jetpack_publicize_feature_enabled":true,"jetpack_social_post_already_shared":true,"jetpack_social_options":{"image_generator_settings":{"template":"highway","default_image_id":0,"font":"","enabled":false},"version":2}},"categories":[5,14,12],"tags":[],"class_list":["post-72438","post","type-post","status-publish","format-standard","has-post-thumbnail","hentry","category-chaco","category-politica","category-ultimo"],"jetpack_publicize_connections":[],"jetpack_featured_media_url":"https:\/\/portalmovil.com.ar\/wp-content\/uploads\/2023\/02\/63fcec051b222396511557.jpg","jetpack_sharing_enabled":true,"amp_enabled":true,"_links":{"self":[{"href":"https:\/\/portalmovil.com.ar\/index.php\/wp-json\/wp\/v2\/posts\/72438","targetHints":{"allow":["GET"]}}],"collection":[{"href":"https:\/\/portalmovil.com.ar\/index.php\/wp-json\/wp\/v2\/posts"}],"about":[{"href":"https:\/\/portalmovil.com.ar\/index.php\/wp-json\/wp\/v2\/types\/post"}],"author":[{"embeddable":true,"href":"https:\/\/portalmovil.com.ar\/index.php\/wp-json\/wp\/v2\/users\/2"}],"replies":[{"embeddable":true,"href":"https:\/\/portalmovil.com.ar\/index.php\/wp-json\/wp\/v2\/comments?post=72438"}],"version-history":[{"count":1,"href":"https:\/\/portalmovil.com.ar\/index.php\/wp-json\/wp\/v2\/posts\/72438\/revisions"}],"predecessor-version":[{"id":72440,"href":"https:\/\/portalmovil.com.ar\/index.php\/wp-json\/wp\/v2\/posts\/72438\/revisions\/72440"}],"wp:featuredmedia":[{"embeddable":true,"href":"https:\/\/portalmovil.com.ar\/index.php\/wp-json\/wp\/v2\/media\/72439"}],"wp:attachment":[{"href":"https:\/\/portalmovil.com.ar\/index.php\/wp-json\/wp\/v2\/media?parent=72438"}],"wp:term":[{"taxonomy":"category","embeddable":true,"href":"https:\/\/portalmovil.com.ar\/index.php\/wp-json\/wp\/v2\/categories?post=72438"},{"taxonomy":"post_tag","embeddable":true,"href":"https:\/\/portalmovil.com.ar\/index.php\/wp-json\/wp\/v2\/tags?post=72438"}],"curies":[{"name":"wp","href":"https:\/\/api.w.org\/{rel}","templated":true}]}}