{"id":72384,"date":"2023-02-26T14:42:43","date_gmt":"2023-02-26T17:42:43","guid":{"rendered":"https:\/\/portalmovil.com.ar\/?p=72384"},"modified":"2023-02-26T14:42:47","modified_gmt":"2023-02-26T17:42:47","slug":"entregaran-creditos-a-docentes-para-la-adquisicion-de-computadoras","status":"publish","type":"post","link":"https:\/\/portalmovil.com.ar\/index.php\/2023\/02\/26\/entregaran-creditos-a-docentes-para-la-adquisicion-de-computadoras\/","title":{"rendered":"Entregar\u00e1n cr\u00e9ditos a docentes para la adquisici\u00f3n de computadoras"},"content":{"rendered":"\n<p>El acto de entrega de m\u00e1s de 200 cr\u00e9ditos a beneficiarias y beneficiarios del programa Inclusi\u00f3n Digital Docente, que otorga un financiamiento a tasa cero para la adquisici\u00f3n de computadoras, se realizar\u00e1 este lunes a las 17 horas en el Centro de Convenciones Gala (Fray Bertaca 1750) y estar\u00e1 encabezado por el gobernador Jorge Capitanich.<\/p>\n\n\n\n<p>En la ocasi\u00f3n se har\u00e1 entrega de 225 tarjetas recargables con las cuales las y los docentes podr\u00e1n comprar un dispositivo a elecci\u00f3n en los comercios adheridos al programa. En esta oportunidad, se trata de profesionales de Barranqueras, Colonia Ben\u00edtez, Fontana, Isla del Cerrito, Margarita Bel\u00e9n, Puerto Tirol, Puerto Vilelas y Resistencia.<\/p>\n\n\n\n<p>\u201cInclusi\u00f3n Digital Docente\u201d est\u00e1 destinado a docentes que se encuentren ejerciendo la profesi\u00f3n y tiene como objetivo garantizar las herramientas necesarias para el \u00f3ptimo desarrollo de su tarea cotidiana. El Estado acompa\u00f1a esta gesti\u00f3n con una importante inversi\u00f3n, subsidiando en un 100% el costo financiero del cr\u00e9dito que se otorgar\u00e1. Los mismos pueden ser de hasta 350 mil pesos y cuentan con una financiaci\u00f3n en 12, 24 o 36 cuotas.<\/p>\n\n\n\n<p>En esta primera etapa, se prev\u00e9 alcanzar a 1000 beneficiarios y beneficiarias de toda la provincia, con una inversi\u00f3n de 250 millones de pesos.<\/p>\n","protected":false},"excerpt":{"rendered":"<p>El acto de entrega de m\u00e1s de 200 cr\u00e9ditos a beneficiarias y beneficiarios del programa Inclusi\u00f3n Digital Docente, que otorga un financiamiento a tasa cero para la adquisici\u00f3n de computadoras, se realizar\u00e1 este lunes a las 17 horas en el Centro de Convenciones Gala (Fray Bertaca 1750) y estar\u00e1 encabezado por el gobernador Jorge Capitanich. &hellip;<\/p>\n","protected":false},"author":2,"featured_media":72385,"comment_status":"open","ping_status":"open","sticky":false,"template":"","format":"standard","meta":{"_jetpack_memberships_contains_paid_content":false,"footnotes":"","jetpack_publicize_message":"","jetpack_publicize_feature_enabled":true,"jetpack_social_post_already_shared":true,"jetpack_social_options":{"image_generator_settings":{"template":"highway","default_image_id":0,"font":"","enabled":false},"version":2}},"categories":[5,14],"tags":[],"class_list":["post-72384","post","type-post","status-publish","format-standard","has-post-thumbnail","hentry","category-chaco","category-politica"],"jetpack_publicize_connections":[],"jetpack_featured_media_url":"https:\/\/portalmovil.com.ar\/wp-content\/uploads\/2023\/02\/554703w620h450.png","jetpack_sharing_enabled":true,"amp_enabled":true,"_links":{"self":[{"href":"https:\/\/portalmovil.com.ar\/index.php\/wp-json\/wp\/v2\/posts\/72384","targetHints":{"allow":["GET"]}}],"collection":[{"href":"https:\/\/portalmovil.com.ar\/index.php\/wp-json\/wp\/v2\/posts"}],"about":[{"href":"https:\/\/portalmovil.com.ar\/index.php\/wp-json\/wp\/v2\/types\/post"}],"author":[{"embeddable":true,"href":"https:\/\/portalmovil.com.ar\/index.php\/wp-json\/wp\/v2\/users\/2"}],"replies":[{"embeddable":true,"href":"https:\/\/portalmovil.com.ar\/index.php\/wp-json\/wp\/v2\/comments?post=72384"}],"version-history":[{"count":1,"href":"https:\/\/portalmovil.com.ar\/index.php\/wp-json\/wp\/v2\/posts\/72384\/revisions"}],"predecessor-version":[{"id":72386,"href":"https:\/\/portalmovil.com.ar\/index.php\/wp-json\/wp\/v2\/posts\/72384\/revisions\/72386"}],"wp:featuredmedia":[{"embeddable":true,"href":"https:\/\/portalmovil.com.ar\/index.php\/wp-json\/wp\/v2\/media\/72385"}],"wp:attachment":[{"href":"https:\/\/portalmovil.com.ar\/index.php\/wp-json\/wp\/v2\/media?parent=72384"}],"wp:term":[{"taxonomy":"category","embeddable":true,"href":"https:\/\/portalmovil.com.ar\/index.php\/wp-json\/wp\/v2\/categories?post=72384"},{"taxonomy":"post_tag","embeddable":true,"href":"https:\/\/portalmovil.com.ar\/index.php\/wp-json\/wp\/v2\/tags?post=72384"}],"curies":[{"name":"wp","href":"https:\/\/api.w.org\/{rel}","templated":true}]}}