{"id":72359,"date":"2023-02-25T19:30:38","date_gmt":"2023-02-25T22:30:38","guid":{"rendered":"https:\/\/portalmovil.com.ar\/?p=72359"},"modified":"2023-02-25T19:30:42","modified_gmt":"2023-02-25T22:30:42","slug":"realizaron-la-conexion-de-medidores-de-secheep-en-la-zona-sur-de-resistencia","status":"publish","type":"post","link":"https:\/\/portalmovil.com.ar\/index.php\/2023\/02\/25\/realizaron-la-conexion-de-medidores-de-secheep-en-la-zona-sur-de-resistencia\/","title":{"rendered":"Realizaron la conexi\u00f3n de medidores de Secheep en la zona Sur de Resistencia\u00a0"},"content":{"rendered":"\n<p>Desde la empresa Secheep se instalaron nuevos medidores en Lisandro de la Torre al 3000, en marco de distintos operativos que se realizan junto al precandidato a Intendente de Resistencia, Carlos Barraza. &nbsp;<\/p>\n\n\n\n<p>Uno de los puntos principales a las demandas fue en la zona sur, en que&nbsp;\u201cla mayor\u00eda de los vecinos quiere regularizar, es decir, nos manifiesta que quieren cumplir y tener un medidor\u201d, se\u00f1al\u00f3 el Barraza tras recorrer las distintas barriadas de la zona sur. &nbsp;<\/p>\n\n\n\n<p>\u201cMuchas de las familias no son tenidas en cuentas, por el solo hecho de vivir en un barrio humilde, y nosotros apuntamos estar cada d\u00eda m\u00e1s cerca de los vecinos brindando las respuestas que est\u00e9n a nuestro alcance\u201d finaliz\u00f3 el precandidato a Intendente de la capital chaque\u00f1a. &nbsp;<\/p>\n","protected":false},"excerpt":{"rendered":"<p>Desde la empresa Secheep se instalaron nuevos medidores en Lisandro de la Torre al 3000, en marco de distintos operativos que se realizan junto al precandidato a Intendente de Resistencia, Carlos Barraza. &nbsp; Uno de los puntos principales a las demandas fue en la zona sur, en que&nbsp;\u201cla mayor\u00eda de los vecinos quiere regularizar, es &hellip;<\/p>\n","protected":false},"author":2,"featured_media":72360,"comment_status":"open","ping_status":"open","sticky":false,"template":"","format":"standard","meta":{"_jetpack_memberships_contains_paid_content":false,"footnotes":"","jetpack_publicize_message":"","jetpack_publicize_feature_enabled":true,"jetpack_social_post_already_shared":true,"jetpack_social_options":{"image_generator_settings":{"template":"highway","default_image_id":0,"font":"","enabled":false},"version":2}},"categories":[14,37],"tags":[],"class_list":["post-72359","post","type-post","status-publish","format-standard","has-post-thumbnail","hentry","category-politica","category-resistencia"],"jetpack_publicize_connections":[],"jetpack_featured_media_url":"https:\/\/portalmovil.com.ar\/wp-content\/uploads\/2023\/02\/8e20ccc2-3a49-4927-aabd-706b3076f0fa.jpg","jetpack_sharing_enabled":true,"amp_enabled":true,"_links":{"self":[{"href":"https:\/\/portalmovil.com.ar\/index.php\/wp-json\/wp\/v2\/posts\/72359","targetHints":{"allow":["GET"]}}],"collection":[{"href":"https:\/\/portalmovil.com.ar\/index.php\/wp-json\/wp\/v2\/posts"}],"about":[{"href":"https:\/\/portalmovil.com.ar\/index.php\/wp-json\/wp\/v2\/types\/post"}],"author":[{"embeddable":true,"href":"https:\/\/portalmovil.com.ar\/index.php\/wp-json\/wp\/v2\/users\/2"}],"replies":[{"embeddable":true,"href":"https:\/\/portalmovil.com.ar\/index.php\/wp-json\/wp\/v2\/comments?post=72359"}],"version-history":[{"count":1,"href":"https:\/\/portalmovil.com.ar\/index.php\/wp-json\/wp\/v2\/posts\/72359\/revisions"}],"predecessor-version":[{"id":72361,"href":"https:\/\/portalmovil.com.ar\/index.php\/wp-json\/wp\/v2\/posts\/72359\/revisions\/72361"}],"wp:featuredmedia":[{"embeddable":true,"href":"https:\/\/portalmovil.com.ar\/index.php\/wp-json\/wp\/v2\/media\/72360"}],"wp:attachment":[{"href":"https:\/\/portalmovil.com.ar\/index.php\/wp-json\/wp\/v2\/media?parent=72359"}],"wp:term":[{"taxonomy":"category","embeddable":true,"href":"https:\/\/portalmovil.com.ar\/index.php\/wp-json\/wp\/v2\/categories?post=72359"},{"taxonomy":"post_tag","embeddable":true,"href":"https:\/\/portalmovil.com.ar\/index.php\/wp-json\/wp\/v2\/tags?post=72359"}],"curies":[{"name":"wp","href":"https:\/\/api.w.org\/{rel}","templated":true}]}}