{"id":72341,"date":"2023-02-25T14:15:54","date_gmt":"2023-02-25T17:15:54","guid":{"rendered":"https:\/\/portalmovil.com.ar\/?p=72341"},"modified":"2023-02-25T14:15:57","modified_gmt":"2023-02-25T17:15:57","slug":"se-le-escapo-a-la-justicia-federal-uno-de-los-principales-narcos-de-corrientes","status":"publish","type":"post","link":"https:\/\/portalmovil.com.ar\/index.php\/2023\/02\/25\/se-le-escapo-a-la-justicia-federal-uno-de-los-principales-narcos-de-corrientes\/","title":{"rendered":"Se le escap\u00f3 a la Justicia Federal uno de los principales narcos de Corrientes"},"content":{"rendered":"\n<p>Desde este jueves se dio a conocer la noticia de que el narcotraficante&nbsp;<strong>conocido como \u00abMorenita\u00bb Mar\u00edn estaba desaparecido<\/strong>&nbsp;y las versiones de qu\u00e9 habr\u00eda sucedido comenzaron a circular.<\/p>\n\n\n\n<p>Mar\u00edn posee&nbsp;<strong>dos condenas por narcotr\u00e1fico agravado<\/strong>&nbsp;y mediante una resoluci\u00f3n de la Justicia, desde el mes de noviembre gozaba de prisi\u00f3n domiciliaria.<\/p>\n\n\n\n<p>Morenita viv\u00eda con sus cinco hijos y su pareja aparentemente con otra identidad, ya que seg\u00fan denunci\u00f3 el abogado defensor y ex jefe de Gobierno porte\u00f1o, An\u00edbal Ibarra, de uno de los secretarios imputados,<strong>&nbsp;Federico Grau<\/strong>&nbsp;se encontraba bajo el r\u00e9gimen de protecci\u00f3n de testigos debido a que con su testimonio fue clave para procesar y llevar a juicio a dos intendentes, polic\u00edas, gendarmes, abogados y al ex juez federal de Corrientes Carlos Soto D\u00e1vila y a dos de sus secretarios, estos \u00faltimos juzgados actualmente en Corrientes.<\/p>\n\n\n\n<p>Dicha denuncia realizada por Ibarra fue contra los fiscales de la Procuradur\u00eda de Narcocriminalidad (PROCUNAR), Diego Iglesias y Mart\u00edn Uriona,&nbsp;<strong>por recurrir al relato de un acusado por narcotr\u00e1fico haci\u00e9ndolo pasar como testigo de identidad reservada.<\/strong><\/p>\n\n\n\n<p>Siguiendo por esta l\u00ednea, An\u00edbal Ibarra fue quien mediante declaraciones devel\u00f3 la supuesta nueva identidad con la que vive Mar\u00edn,&nbsp;<strong>el mismo ser\u00eda Renzo Jes\u00fas Molina.<\/strong><\/p>\n\n\n\n<p>\u00abEst\u00e1 nombrado en la causa como narcotraficante y tiene varias conversaciones con miembros de la banda, en las que aparece comercializando o interviniendo en el tr\u00e1fico de drogas\u00bb, asegur\u00f3.<\/p>\n\n\n\n<p>Con este panorama, la abrupta desaparici\u00f3n del narcotraficante \u00abMorenita\u00bb&nbsp;<strong>abre dos hip\u00f3tesis<\/strong>&nbsp;posibles sobre su paradero.<\/p>\n\n\n\n<p>Una de ellas es la que est\u00e1 vinculada&nbsp;<strong>con una fuga voluntaria de su vivienda<\/strong>&nbsp;con el fin de birlar la prisi\u00f3n domiciliaria que le fue otorgada hace pocos meses, mientras que en la otra opci\u00f3n se podr\u00eda estar relacionada el narcotr\u00e1fico.&nbsp;<\/p>\n\n\n\n<p>Esta&nbsp;<strong>segunda hip\u00f3tesis tiene como fundamento una denuncia realizada por el mismo Molina<\/strong>, quien, seg\u00fan las fuentes correntinas vinculadas al expediente a las que pudo acceder&nbsp;<strong>Diario TAG<\/strong>, luego de que se dio a conocer su nueva identidad pudo notar que fuera de su casa hab\u00eda seguimientos y manifest\u00f3 tener miedo por su seguridad y la de su familia.<\/p>\n\n\n\n<h2 class=\"wp-block-heading\">LA CAUSA<\/h2>\n\n\n\n<p>Todo comenz\u00f3 en 2015 cuando Mar\u00edn comenz\u00f3 a estar implicado en la megacausa \u00abSapucay\u00bb, en la misma se pudo establecer c\u00f3mo tres bandas narcos actuaban en Itat\u00ed.<\/p>\n\n\n\n<p>Seg\u00fan la investigaci\u00f3n l<strong>a banda de Mar\u00edn enviaba cargamentos de marihuana a Tucum\u00e1n, C\u00f3rdoba, Mendoza, Santa Fe, Chaco, Buenos Aires y la Villa 21 de la Ciudad de Buenos Aires<\/strong>. \u00abMorenita\u00bb reci\u00e9n fue apresado en octubre de 2018 cuando una patrulla de Gendarmer\u00eda rode\u00f3 su casa, en Itat\u00ed.<\/p>\n\n\n\n<p>El hombre se entreg\u00f3 despu\u00e9s de una larga negociaci\u00f3n, en dicha causa, el correntino firm\u00f3 un juicio abreviado por 12 a\u00f1os de prisi\u00f3n tras aceptar la imputaci\u00f3n de ser miembro de una asociaci\u00f3n il\u00edcita, y coautor en el comercio de estupefacientes agravado por servirse de menores de 18 a\u00f1os y por la participaci\u00f3n de funcionarios p\u00fablicos.<\/p>\n\n\n\n<p>Como hab\u00eda declarado como arrepentido, la C\u00e1mara de Casaci\u00f3n le redujo la pena a la mitad. Preso en el Penal de Marcos Paz, se le concedi\u00f3 la prisi\u00f3n domiciliaria el 9 de noviembre del 2022.<\/p>\n","protected":false},"excerpt":{"rendered":"<p>Desde este jueves se dio a conocer la noticia de que el narcotraficante&nbsp;conocido como \u00abMorenita\u00bb Mar\u00edn estaba desaparecido&nbsp;y las versiones de qu\u00e9 habr\u00eda sucedido comenzaron a circular. Mar\u00edn posee&nbsp;dos condenas por narcotr\u00e1fico agravado&nbsp;y mediante una resoluci\u00f3n de la Justicia, desde el mes de noviembre gozaba de prisi\u00f3n domiciliaria. Morenita viv\u00eda con sus cinco hijos y &hellip;<\/p>\n","protected":false},"author":2,"featured_media":72342,"comment_status":"open","ping_status":"open","sticky":false,"template":"","format":"standard","meta":{"_jetpack_memberships_contains_paid_content":false,"footnotes":"","jetpack_publicize_message":"","jetpack_publicize_feature_enabled":true,"jetpack_social_post_already_shared":true,"jetpack_social_options":{"image_generator_settings":{"template":"highway","default_image_id":0,"font":"","enabled":false},"version":2}},"categories":[639,8],"tags":[],"class_list":["post-72341","post","type-post","status-publish","format-standard","has-post-thumbnail","hentry","category-argentina","category-policiales"],"jetpack_publicize_connections":[],"jetpack_featured_media_url":"https:\/\/portalmovil.com.ar\/wp-content\/uploads\/2023\/02\/228cf868-b61e-4d9a-8ab2-f8bac014612b.jpg","jetpack_sharing_enabled":true,"amp_enabled":true,"_links":{"self":[{"href":"https:\/\/portalmovil.com.ar\/index.php\/wp-json\/wp\/v2\/posts\/72341","targetHints":{"allow":["GET"]}}],"collection":[{"href":"https:\/\/portalmovil.com.ar\/index.php\/wp-json\/wp\/v2\/posts"}],"about":[{"href":"https:\/\/portalmovil.com.ar\/index.php\/wp-json\/wp\/v2\/types\/post"}],"author":[{"embeddable":true,"href":"https:\/\/portalmovil.com.ar\/index.php\/wp-json\/wp\/v2\/users\/2"}],"replies":[{"embeddable":true,"href":"https:\/\/portalmovil.com.ar\/index.php\/wp-json\/wp\/v2\/comments?post=72341"}],"version-history":[{"count":1,"href":"https:\/\/portalmovil.com.ar\/index.php\/wp-json\/wp\/v2\/posts\/72341\/revisions"}],"predecessor-version":[{"id":72343,"href":"https:\/\/portalmovil.com.ar\/index.php\/wp-json\/wp\/v2\/posts\/72341\/revisions\/72343"}],"wp:featuredmedia":[{"embeddable":true,"href":"https:\/\/portalmovil.com.ar\/index.php\/wp-json\/wp\/v2\/media\/72342"}],"wp:attachment":[{"href":"https:\/\/portalmovil.com.ar\/index.php\/wp-json\/wp\/v2\/media?parent=72341"}],"wp:term":[{"taxonomy":"category","embeddable":true,"href":"https:\/\/portalmovil.com.ar\/index.php\/wp-json\/wp\/v2\/categories?post=72341"},{"taxonomy":"post_tag","embeddable":true,"href":"https:\/\/portalmovil.com.ar\/index.php\/wp-json\/wp\/v2\/tags?post=72341"}],"curies":[{"name":"wp","href":"https:\/\/api.w.org\/{rel}","templated":true}]}}